{"id":2879,"date":"2017-02-16T15:24:49","date_gmt":"2017-02-16T15:24:49","guid":{"rendered":"http:\/\/www.ventonorte.com\/?p=2879"},"modified":"2017-02-16T15:24:49","modified_gmt":"2017-02-16T15:24:49","slug":"trashed-para-onde-vai-o-nosso-lixo-ciclo-ambientar-se-17022017","status":"publish","type":"post","link":"https:\/\/www.ventonorte.com\/?p=2879","title":{"rendered":"\u201cTrashed &#8211; para onde vai o nosso lixo\u201d &#8211; ciclo AMBIENTAR-SE [17\/02\/2017]"},"content":{"rendered":"<h1><img loading=\"lazy\" decoding=\"async\" class=\"aligncenter wp-image-2880\" src=\"http:\/\/www.ventonorte.com\/wp-content\/uploads\/Cartaz_Devesa_Ambientarse_Fevereiro_2017-724x1024.jpg\" width=\"550\" height=\"778\" srcset=\"https:\/\/www.ventonorte.com\/wp-content\/uploads\/Cartaz_Devesa_Ambientarse_Fevereiro_2017-724x1024.jpg 724w, https:\/\/www.ventonorte.com\/wp-content\/uploads\/Cartaz_Devesa_Ambientarse_Fevereiro_2017-106x150.jpg 106w, https:\/\/www.ventonorte.com\/wp-content\/uploads\/Cartaz_Devesa_Ambientarse_Fevereiro_2017-212x300.jpg 212w, https:\/\/www.ventonorte.com\/wp-content\/uploads\/Cartaz_Devesa_Ambientarse_Fevereiro_2017-768x1086.jpg 768w\" sizes=\"auto, (max-width: 550px) 100vw, 550px\" \/><\/h1>\n<h1 style=\"text-align: center;\">&#8220;TRASHED &#8211; PARA ONDE VAI O NOSSO LIXO?&#8221;<\/h1>\n<h2 style=\"text-align: center;\">ciclo AMBIENTAR-SE<\/h2>\n<h3 style=\"text-align: center;\">Casa do Territ\u00f3rio, V.N.Famalic\u00e3o, 17 de Fevereiro 21h30<\/h3>\n<p>&nbsp;<\/p>\n<p>Na sess\u00e3o AMBIENTAR-SE de Fevereiro de 2017, a Associa\u00e7\u00e3o Vento Norte apresenta o filme <strong>\u201cTRASHED &#8211; PARA ONDE VAI O NOSSO LIXO\u201d<\/strong> e o debate dinamizado pelos convidados:<\/p>\n<ul>\n<li>Dra. Sofia Oliveira, Resinorte;<\/li>\n<li>Eng. Tiago Moreira, membro da dire\u00e7\u00e3o da associa\u00e7\u00e3o AMO Portugal, Coordenador Nacional do Projecto Limpar Portugal em 2010.<\/li>\n<\/ul>\n<p><strong>&#8220;Se pensa que o lixo \u00e9 problema de outra pessoa&#8230; pense de novo.&#8221;<\/strong><\/p>\n<p>Um document\u00e1rio que faz reflex\u00f5es acerca da nossa consci\u00eancia ambiental e dos impactos que causamos na Terra. Abordando n\u00e3o apenas a quest\u00e3o da produ\u00e7\u00e3o do lixo, mas tamb\u00e9m o destino dos res\u00edduos e a sustentabilidade, o filme dirigido por Candida Brady alerta para a necessidade de serem encontradas novas solu\u00e7\u00f5es, motivando o espectador a fazer a sua parte, come\u00e7ando por evitar o uso de sacos pl\u00e1sticos e separar o material recicl\u00e1vel dentro de casa.<\/p>\n<p>Gratuito, entrada livre (at\u00e9 \u00e0 lota\u00e7\u00e3o da sala)<\/p>\n<p>As sess\u00f5es AMBIENTAR-SE s\u00e3o uma parceria entre o Munic\u00edpio de Vila Nova e Famalic\u00e3o (Parque da Devesa) e institui\u00e7\u00f5es locais ligadas \u00e0 prote\u00e7\u00e3o do ambiente, que constam na exibi\u00e7\u00e3o de um filme de t\u00f3nica ambiental com debate no final. Estas sess\u00f5es ocorrer\u00e3o, em 2017, na terceira sexta-feira do m\u00eas.<\/p>\n<p>Informa\u00e7\u00f5es: <a href=\"mailto:parquedadevesa@vilanovadefamalicao.org\">parquedadevesa@vilanovadefamalicao.org<\/a> \/ 252 374 184<\/p>\n<p>&nbsp;<\/p>\n","protected":false},"excerpt":{"rendered":"<p>&#8220;TRASHED &#8211; PARA ONDE VAI O NOSSO LIXO?&#8221;<br \/>\nciclo AMBIENTAR-SE<br \/>\nCasa do Territ\u00f3rio, V.N.Famalic\u00e3o, 17 de Fevereiro 21h30<br \/>\n&nbsp;<br \/>\nNa sess\u00e3o AMBIENTAR-SE de Fevereiro de 2017, a Associa\u00e7\u00e3o Vento Norte apresenta o filme \u201cTRASHED &#8211; PARA ONDE VAI O NOSSO LIXO\u201d e o debate dinamizado pelos convidados:<\/p>\n<p>Dra. Sofia Oliveira, Resinorte;<br \/>\nEng. Tiago Moreira, membro da dire\u00e7\u00e3o da associa\u00e7\u00e3o AMO Portugal, Coordenador Nacional do Projecto Limpar Portugal em 2010.<\/p>\n<p>&#8220;Se pensa que o lixo \u00e9 problema de outra pessoa&#8230; pense de novo.&#8221;<br \/>\nUm document\u00e1rio que faz reflex\u00f5es acerca da nossa consci\u00eancia ambiental e dos impactos que causamos na &#8230;<\/p>\n","protected":false},"author":1,"featured_media":2880,"comment_status":"open","ping_status":"open","sticky":false,"template":"","format":"standard","meta":{"ngg_post_thumbnail":0,"footnotes":""},"categories":[4],"tags":[],"class_list":["post-2879","post","type-post","status-publish","format-standard","has-post-thumbnail","hentry","category-educambiental"],"_links":{"self":[{"href":"https:\/\/www.ventonorte.com\/index.php?rest_route=\/wp\/v2\/posts\/2879","targetHints":{"allow":["GET"]}}],"collection":[{"href":"https:\/\/www.ventonorte.com\/index.php?rest_route=\/wp\/v2\/posts"}],"about":[{"href":"https:\/\/www.ventonorte.com\/index.php?rest_route=\/wp\/v2\/types\/post"}],"author":[{"embeddable":true,"href":"https:\/\/www.ventonorte.com\/index.php?rest_route=\/wp\/v2\/users\/1"}],"replies":[{"embeddable":true,"href":"https:\/\/www.ventonorte.com\/index.php?rest_route=%2Fwp%2Fv2%2Fcomments&post=2879"}],"version-history":[{"count":4,"href":"https:\/\/www.ventonorte.com\/index.php?rest_route=\/wp\/v2\/posts\/2879\/revisions"}],"predecessor-version":[{"id":3230,"href":"https:\/\/www.ventonorte.com\/index.php?rest_route=\/wp\/v2\/posts\/2879\/revisions\/3230"}],"wp:featuredmedia":[{"embeddable":true,"href":"https:\/\/www.ventonorte.com\/index.php?rest_route=\/wp\/v2\/media\/2880"}],"wp:attachment":[{"href":"https:\/\/www.ventonorte.com\/index.php?rest_route=%2Fwp%2Fv2%2Fmedia&parent=2879"}],"wp:term":[{"taxonomy":"category","embeddable":true,"href":"https:\/\/www.ventonorte.com\/index.php?rest_route=%2Fwp%2Fv2%2Fcategories&post=2879"},{"taxonomy":"post_tag","embeddable":true,"href":"https:\/\/www.ventonorte.com\/index.php?rest_route=%2Fwp%2Fv2%2Ftags&post=2879"}],"curies":[{"name":"wp","href":"https:\/\/api.w.org\/{rel}","templated":true}]}}