{"id":2906,"date":"2017-03-07T16:32:30","date_gmt":"2017-03-07T16:32:30","guid":{"rendered":"http:\/\/www.ventonorte.com\/?p=2906"},"modified":"2017-03-23T12:46:35","modified_gmt":"2017-03-23T12:46:35","slug":"2906","status":"publish","type":"post","link":"https:\/\/www.ventonorte.com\/?p=2906","title":{"rendered":"\u201cCaminhada para Todos&#8221; [12\/03\/2017]"},"content":{"rendered":"<p><img loading=\"lazy\" decoding=\"async\" class=\"wp-image-2907 aligncenter\" src=\"http:\/\/www.ventonorte.com\/wp-content\/uploads\/TrilhoTerrasNobrega-1024x575.jpg\" alt=\"\" width=\"560\" height=\"315\" srcset=\"https:\/\/www.ventonorte.com\/wp-content\/uploads\/TrilhoTerrasNobrega-1024x575.jpg 1024w, https:\/\/www.ventonorte.com\/wp-content\/uploads\/TrilhoTerrasNobrega-150x84.jpg 150w, https:\/\/www.ventonorte.com\/wp-content\/uploads\/TrilhoTerrasNobrega-300x169.jpg 300w, https:\/\/www.ventonorte.com\/wp-content\/uploads\/TrilhoTerrasNobrega-768x432.jpg 768w\" sizes=\"auto, (max-width: 560px) 100vw, 560px\" \/><\/p>\n<h1 style=\"text-align: center;\">\u201cCaminhada para Todos&#8221;<\/h1>\n<h2 style=\"text-align: center;\">Trilho de Terras da N\u00f3brega \u2013 Ponte da Barca<\/h2>\n<h3 style=\"text-align: center;\">12-03-2017 (domingo)<\/h3>\n<p>&nbsp;<\/p>\n<p>O Trilho de Terras da N\u00f3brega integra a rede de percursos pedestres do concelho de Ponte da Barca. O seu ponto de partida e chegada situa-se na aldeia de Sampriz. Os 12 km do percurso s\u00e3o feitos por caminhos rurais de acesso a prados e campos de cultivo, assim como carreteiros de p\u00e9 posto na zona mais alta do trilho.<\/p>\n<p>A partir do ponto mais alto do percurso, onde j\u00e1 existiu um castelo medieval (Castelo de Aboim), poderemos regalar as vistas com as bel\u00edssimas paisagens do Ger\u00eas, vale do rio Vade e vale do rio Lima, vale do rio C\u00e1vado, \u2026<\/p>\n<h3>\n Ficha T\u00e9cnica<\/h3>\n<ul>\n<li>Extens\u00e3o aproximada: 12 km<\/li>\n<li>Dura\u00e7\u00e3o aproximada: 4h30 horas<\/li>\n<li>Grau de dificuldade: m\u00e9dio<\/li>\n<li>Ponto de partida\/chegada: Junta de freguesia de Sampriz<\/li>\n<li>Tipo de percurso: pequena rota, circular, de interesse ambiental e paisag\u00edstico.<\/li>\n<\/ul>\n<p>Motivos de interesse: tradicionais campos de cultivo, manchas florestais de carvalhos; capela de Nossa Sra. Do Livramento; miradouro do Castelo de Aboim.<\/p>\n<h3>\n Programa<\/h3>\n<ul>\n<li>9h00 &#8211; Ponto de encontro I: no Caf\u00e9 Ponto de Encontro, junto ao cruzamento para Santo Ant\u00f3nio de Mix\u00f5es da Serra.<\/li>\n<li>9h30 \u2013 Ponto de encontro II e In\u00edcio do percurso: Junta de freguesia de Sampriz<\/li>\n<li>14h00 &#8211; Fim do percurso<\/li>\n<\/ul>\n<h3>\n Equipamento<\/h3>\n<ul>\n<li>Aconselha-se o uso de botas de montanhismo<\/li>\n<li>Agasalho<\/li>\n<li>Mochila<\/li>\n<li>Protetor solar<\/li>\n<\/ul>\n<h3>\n Alimenta\u00e7\u00e3o<\/h3>\n<ul>\n<li>A alimenta\u00e7\u00e3o ser\u00e1 volante e fica a cargo de cada participante.<\/li>\n<li>\u00c9 aconselh\u00e1vel 1 a 1,5 L de \u00e1gua<\/li>\n<\/ul>\n<h3>\n Transporte<\/h3>\n<p>O Transporte fica a cargo dos participantes, havendo possibilidade de partilhar carro.<\/p>\n<h3>\n Inscri\u00e7\u00f5es<\/h3>\n<ul>\n<li>Custo: gratuito para s\u00f3cios; 3 \u20ac para n\u00e3o s\u00f3cios.<\/li>\n<li>Seguro: \u00e9 obrigat\u00f3rio possuir seguro para participar na atividade. O seguro anual da Vento Norte tem o valor de 5 \u20ac, sendo v\u00e1lido para todas as caminhadas realizadas at\u00e9 31-12-2017.<\/li>\n<\/ul>\n<p>Inscreva-se aqui: <a href=\"https:\/\/docs.google.com\/forms\/d\/e\/1FAIpQLSeHyjvbXDt51D8a3IMaHAvPJm-q3AFpbYLeMFn_LemVknE6BQ\/formResponse\">https:\/\/docs.google.com\/forms\/d\/e\/1FAIpQLSeHyjvbXDt51D8a3IMaHAvPJm-q3AFpbYLeMFn_LemVknE6BQ\/formResponse<\/a><\/p>\n<p>As d\u00favidas devem ser remetidas para <a href=\"mailto:montanhismo.vn@gmail.com\">montanhismo.vn@gmail.com<\/a> ou <a href=\"mailto:geral@ventonorte.com\">geral@ventonorte.com<\/a> ou para telem\u00f3vel n.\u00ba 965 648 065 (Pedro Cerqueira).<\/p>\n<p>&nbsp;<\/p>\n","protected":false},"excerpt":{"rendered":"<p>\u201cCaminhada para Todos&#8221;<br \/>\nTrilho de Terras da N\u00f3brega \u2013 Ponte da Barca<br \/>\n12-03-2017 (domingo)<br \/>\n&nbsp;<br \/>\nO Trilho de Terras da N\u00f3brega integra a rede de percursos pedestres do concelho de Ponte da Barca. O seu ponto de partida e chegada situa-se na aldeia de Sampriz. Os 12 km do percurso s\u00e3o feitos por caminhos rurais de acesso a prados e campos de cultivo, assim como carreteiros de p\u00e9 posto na zona mais alta do trilho.<br \/>\nA partir do ponto mais alto do percurso, onde j\u00e1 existiu um castelo medieval (Castelo de Aboim), poderemos regalar as &#8230;<\/p>\n","protected":false},"author":1,"featured_media":2907,"comment_status":"open","ping_status":"open","sticky":false,"template":"","format":"standard","meta":{"ngg_post_thumbnail":0,"footnotes":""},"categories":[11],"tags":[],"class_list":["post-2906","post","type-post","status-publish","format-standard","has-post-thumbnail","hentry","category-montanhismo"],"_links":{"self":[{"href":"https:\/\/www.ventonorte.com\/index.php?rest_route=\/wp\/v2\/posts\/2906","targetHints":{"allow":["GET"]}}],"collection":[{"href":"https:\/\/www.ventonorte.com\/index.php?rest_route=\/wp\/v2\/posts"}],"about":[{"href":"https:\/\/www.ventonorte.com\/index.php?rest_route=\/wp\/v2\/types\/post"}],"author":[{"embeddable":true,"href":"https:\/\/www.ventonorte.com\/index.php?rest_route=\/wp\/v2\/users\/1"}],"replies":[{"embeddable":true,"href":"https:\/\/www.ventonorte.com\/index.php?rest_route=%2Fwp%2Fv2%2Fcomments&post=2906"}],"version-history":[{"count":5,"href":"https:\/\/www.ventonorte.com\/index.php?rest_route=\/wp\/v2\/posts\/2906\/revisions"}],"predecessor-version":[{"id":2911,"href":"https:\/\/www.ventonorte.com\/index.php?rest_route=\/wp\/v2\/posts\/2906\/revisions\/2911"}],"wp:featuredmedia":[{"embeddable":true,"href":"https:\/\/www.ventonorte.com\/index.php?rest_route=\/wp\/v2\/media\/2907"}],"wp:attachment":[{"href":"https:\/\/www.ventonorte.com\/index.php?rest_route=%2Fwp%2Fv2%2Fmedia&parent=2906"}],"wp:term":[{"taxonomy":"category","embeddable":true,"href":"https:\/\/www.ventonorte.com\/index.php?rest_route=%2Fwp%2Fv2%2Fcategories&post=2906"},{"taxonomy":"post_tag","embeddable":true,"href":"https:\/\/www.ventonorte.com\/index.php?rest_route=%2Fwp%2Fv2%2Ftags&post=2906"}],"curies":[{"name":"wp","href":"https:\/\/api.w.org\/{rel}","templated":true}]}}