{"id":3127,"date":"2017-03-25T10:31:50","date_gmt":"2017-03-25T10:31:50","guid":{"rendered":"http:\/\/www.ventonorte.com\/?p=3127"},"modified":"2017-03-25T10:59:15","modified_gmt":"2017-03-25T10:59:15","slug":"fotografo-do-ano-2015-carlos-faria","status":"publish","type":"post","link":"https:\/\/www.ventonorte.com\/?p=3127","title":{"rendered":"Fot\u00f3grafo do Ano 2015:  Carlos Faria"},"content":{"rendered":"<h1 style=\"text-align: center;\"><img loading=\"lazy\" decoding=\"async\" class=\"aligncenter size-full wp-image-3128\" src=\"http:\/\/www.ventonorte.com\/wp-content\/uploads\/2015.07.04-3aos80-CarlosFaria_1.jpg\" alt=\"\" height=\"367\" width=\"550\" srcset=\"https:\/\/www.ventonorte.com\/wp-content\/uploads\/2015.07.04-3aos80-CarlosFaria_1.jpg 550w, https:\/\/www.ventonorte.com\/wp-content\/uploads\/2015.07.04-3aos80-CarlosFaria_1-150x100.jpg 150w, https:\/\/www.ventonorte.com\/wp-content\/uploads\/2015.07.04-3aos80-CarlosFaria_1-300x200.jpg 300w\" sizes=\"auto, (max-width: 550px) 100vw, 550px\" \/><\/h1>\n<h1 style=\"text-align: center;\">Fot\u00f3grafo do Ano 2015:<\/h1>\n<h1 style=\"text-align: center;\"><span style=\"color: #0000ff;\">Carlos Faria<br \/>\n <\/span><\/h1>\n<p>Embora a entrega do pr\u00e9mio tenha sido atrasada, n\u00e3o \u00e9 por isso que tem menos m\u00e9rito. Carlos Faria ganhou o t\u00edtulo de fot\u00f3grafo do ano 2015 com uma foto de uma libelinha tirada no decorrer da atividade &#8220;Dos 3 aos 80&#8221; realizada em Penedones. De notar que o Carlos \u00e9 o primeiro a repetir o t\u00edtulo pois j\u00e1 tinha ganho o pr\u00e9mio de fot\u00f3grafo do ano em 2012. Parab\u00e9ns!<\/p>\n<p>Parab\u00e9ns aos vencedores, e este ano h\u00e1 mais\u2026 participem!<\/p>\n","protected":false},"excerpt":{"rendered":"<p>Embora a entrega do pr\u00e9mio tenha sido atrasada, n\u00e3o \u00e9 por isso que tem menos m\u00e9rito. Carlos Faria ganhou o t\u00edtulo de fot\u00f3grafo do ano 2015 com uma foto de uma libelinha tirada no decorrer da atividade &#8220;Dos 3 aos 80&#8221; realizada em Penedones. De notar que o Carlos \u00e9 o primeiro a repetir o t\u00edtulo pois j\u00e1 tinha ganho o pr\u00e9mio de fot\u00f3grafo do ano em 2012.<br \/>\nParab\u00e9ns!<\/p>\n","protected":false},"author":1,"featured_media":3128,"comment_status":"open","ping_status":"open","sticky":false,"template":"","format":"standard","meta":{"ngg_post_thumbnail":0,"footnotes":""},"categories":[5],"tags":[],"class_list":["post-3127","post","type-post","status-publish","format-standard","has-post-thumbnail","hentry","category-cultural"],"_links":{"self":[{"href":"https:\/\/www.ventonorte.com\/index.php?rest_route=\/wp\/v2\/posts\/3127","targetHints":{"allow":["GET"]}}],"collection":[{"href":"https:\/\/www.ventonorte.com\/index.php?rest_route=\/wp\/v2\/posts"}],"about":[{"href":"https:\/\/www.ventonorte.com\/index.php?rest_route=\/wp\/v2\/types\/post"}],"author":[{"embeddable":true,"href":"https:\/\/www.ventonorte.com\/index.php?rest_route=\/wp\/v2\/users\/1"}],"replies":[{"embeddable":true,"href":"https:\/\/www.ventonorte.com\/index.php?rest_route=%2Fwp%2Fv2%2Fcomments&post=3127"}],"version-history":[{"count":3,"href":"https:\/\/www.ventonorte.com\/index.php?rest_route=\/wp\/v2\/posts\/3127\/revisions"}],"predecessor-version":[{"id":3130,"href":"https:\/\/www.ventonorte.com\/index.php?rest_route=\/wp\/v2\/posts\/3127\/revisions\/3130"}],"wp:featuredmedia":[{"embeddable":true,"href":"https:\/\/www.ventonorte.com\/index.php?rest_route=\/wp\/v2\/media\/3128"}],"wp:attachment":[{"href":"https:\/\/www.ventonorte.com\/index.php?rest_route=%2Fwp%2Fv2%2Fmedia&parent=3127"}],"wp:term":[{"taxonomy":"category","embeddable":true,"href":"https:\/\/www.ventonorte.com\/index.php?rest_route=%2Fwp%2Fv2%2Fcategories&post=3127"},{"taxonomy":"post_tag","embeddable":true,"href":"https:\/\/www.ventonorte.com\/index.php?rest_route=%2Fwp%2Fv2%2Ftags&post=3127"}],"curies":[{"name":"wp","href":"https:\/\/api.w.org\/{rel}","templated":true}]}}