{"id":3159,"date":"2017-03-27T14:15:46","date_gmt":"2017-03-27T14:15:46","guid":{"rendered":"http:\/\/www.ventonorte.com\/?p=3159"},"modified":"2017-04-03T15:41:03","modified_gmt":"2017-04-03T15:41:03","slug":"oficina-de-ceramica-02042017","status":"publish","type":"post","link":"https:\/\/www.ventonorte.com\/?p=3159","title":{"rendered":"Oficina de Cer\u00e2mica [02\/04\/2017]"},"content":{"rendered":"<p><img loading=\"lazy\" decoding=\"async\" class=\"aligncenter wp-image-3160\" src=\"http:\/\/www.ventonorte.com\/wp-content\/uploads\/Arvore-1024x768.jpg\" alt=\"\" height=\"413\" width=\"550\" srcset=\"https:\/\/www.ventonorte.com\/wp-content\/uploads\/Arvore-1024x768.jpg 1024w, https:\/\/www.ventonorte.com\/wp-content\/uploads\/Arvore-150x113.jpg 150w, https:\/\/www.ventonorte.com\/wp-content\/uploads\/Arvore-300x225.jpg 300w, https:\/\/www.ventonorte.com\/wp-content\/uploads\/Arvore-768x576.jpg 768w, https:\/\/www.ventonorte.com\/wp-content\/uploads\/Arvore.jpg 1600w\" sizes=\"auto, (max-width: 550px) 100vw, 550px\" \/><\/p>\n<h1 style=\"text-align: center;\">Oficina de Cer\u00e2mica<\/h1>\n<h2 style=\"text-align: center;\">V. N. Famalic\u00e3o<\/h2>\n<h3 style=\"text-align: center;\">02\/04\/2017<\/h3>\n<p>&nbsp;<\/p>\n<p>Esta oficina visa a celebra\u00e7\u00e3o do dia da \u00c1rvore (22 Mar\u00e7o). \u00c9 uma actividade aberta ao p\u00fablico de todas as idades, em que se pretende que cada um fa\u00e7a brotar da sua criatividade uma \u00e1rvore a partir da terra\/barro.<\/p>\n<h3>Programa<\/h3>\n<ul>\n<li>Local: Espa\u00e7o exterior da sede da Vento Norte, por baixo das \u00e1rvores! \ud83d\ude09<\/li>\n<li>Data e hora: Domingo, 2 Abril, 10h30-12h30<\/li>\n<\/ul>\n<h3>Inscri\u00e7\u00f5es<\/h3>\n<ul>\n<li>Custo: 3 euros\/pe\u00e7a<\/li>\n<li>Inscreva-se aqui: <a href=\"https:\/\/docs.google.com\/forms\/d\/e\/1FAIpQLSeHyjvbXDt51D8a3IMaHAvPJm-q3AFpbYLeMFn_LemVknE6BQ\/formResponse\">https:\/\/docs.google.com\/forms\/d\/e\/1FAIpQLSeHyjvbXDt51D8a3IMaHAvPJm-q3AFpbYLeMFn_LemVknE6BQ\/formResponse<\/a><\/li>\n<\/ul>\n<p><strong>Nota:<\/strong> as pe\u00e7as s\u00f3 poder\u00e3o ser levantadas \u00e0 posteriori pelos participantes.<\/p>\n<p>&nbsp;<\/p>\n<p>&nbsp;<\/p>\n","protected":false},"excerpt":{"rendered":"<p>Esta oficina visa a celebra\u00e7\u00e3o do dia da \u00c1rvore.<br \/>\n\u00c9 uma actividade aberta ao p\u00fablico de todas as idades, em que se pretende que cada um fa\u00e7a brotar da sua criatividade uma \u00e1rvore a partir da terra\/barro.<\/p>\n<p>Programa<br \/>\n    Local: Espa\u00e7o exterior da sede da Vento Norte, por baixo das \u00e1rvores! \ud83d\ude09<br \/>\n    Data e hora: Domingo, 2 Abril, 10h30-12h30<\/p>\n","protected":false},"author":1,"featured_media":3160,"comment_status":"open","ping_status":"open","sticky":false,"template":"","format":"standard","meta":{"ngg_post_thumbnail":0,"footnotes":""},"categories":[5,12],"tags":[],"class_list":["post-3159","post","type-post","status-publish","format-standard","has-post-thumbnail","hentry","category-cultural","category-geral"],"_links":{"self":[{"href":"https:\/\/www.ventonorte.com\/index.php?rest_route=\/wp\/v2\/posts\/3159","targetHints":{"allow":["GET"]}}],"collection":[{"href":"https:\/\/www.ventonorte.com\/index.php?rest_route=\/wp\/v2\/posts"}],"about":[{"href":"https:\/\/www.ventonorte.com\/index.php?rest_route=\/wp\/v2\/types\/post"}],"author":[{"embeddable":true,"href":"https:\/\/www.ventonorte.com\/index.php?rest_route=\/wp\/v2\/users\/1"}],"replies":[{"embeddable":true,"href":"https:\/\/www.ventonorte.com\/index.php?rest_route=%2Fwp%2Fv2%2Fcomments&post=3159"}],"version-history":[{"count":8,"href":"https:\/\/www.ventonorte.com\/index.php?rest_route=\/wp\/v2\/posts\/3159\/revisions"}],"predecessor-version":[{"id":3165,"href":"https:\/\/www.ventonorte.com\/index.php?rest_route=\/wp\/v2\/posts\/3159\/revisions\/3165"}],"wp:featuredmedia":[{"embeddable":true,"href":"https:\/\/www.ventonorte.com\/index.php?rest_route=\/wp\/v2\/media\/3160"}],"wp:attachment":[{"href":"https:\/\/www.ventonorte.com\/index.php?rest_route=%2Fwp%2Fv2%2Fmedia&parent=3159"}],"wp:term":[{"taxonomy":"category","embeddable":true,"href":"https:\/\/www.ventonorte.com\/index.php?rest_route=%2Fwp%2Fv2%2Fcategories&post=3159"},{"taxonomy":"post_tag","embeddable":true,"href":"https:\/\/www.ventonorte.com\/index.php?rest_route=%2Fwp%2Fv2%2Ftags&post=3159"}],"curies":[{"name":"wp","href":"https:\/\/api.w.org\/{rel}","templated":true}]}}