{"id":3179,"date":"2017-04-17T06:32:23","date_gmt":"2017-04-17T06:32:23","guid":{"rendered":"http:\/\/www.ventonorte.com\/?p=3179"},"modified":"2017-05-14T17:38:06","modified_gmt":"2017-05-14T17:38:06","slug":"gredos-2017-22-a-24042017","status":"publish","type":"post","link":"https:\/\/www.ventonorte.com\/?p=3179","title":{"rendered":"Gredos 2017 [22 a 24\/04\/2017]"},"content":{"rendered":"<p><img loading=\"lazy\" decoding=\"async\" class=\"aligncenter wp-image-3180\" src=\"http:\/\/www.ventonorte.com\/wp-content\/uploads\/Laguna_Grande_de_Gredos-2.jpg\" alt=\"\" height=\"413\" width=\"550\" srcset=\"https:\/\/www.ventonorte.com\/wp-content\/uploads\/Laguna_Grande_de_Gredos-2.jpg 1004w, https:\/\/www.ventonorte.com\/wp-content\/uploads\/Laguna_Grande_de_Gredos-2-150x113.jpg 150w, https:\/\/www.ventonorte.com\/wp-content\/uploads\/Laguna_Grande_de_Gredos-2-300x225.jpg 300w, https:\/\/www.ventonorte.com\/wp-content\/uploads\/Laguna_Grande_de_Gredos-2-768x577.jpg 768w\" sizes=\"auto, (max-width: 550px) 100vw, 550px\" \/><\/p>\n<h1 style=\"text-align: center;\">Gredos 2017<\/h1>\n<h2 style=\"text-align: center;\">P.N. Serra de Gredos, Espanha<\/h2>\n<h3 style=\"text-align: center;\">22 a 24 abril 2017<\/h3>\n<p>&nbsp;<\/p>\n<p>Estamos de regresso a uma atividade invernal e desta vez vamos rumar para sul, para a Sierra de Gredos.<br \/>\nO Parque Regional da Sierra de Gredos&nbsp; \u00e9 um espa\u00e7o natural protegido e est\u00e1 localizado na ponta sul da prov\u00edncia de \u00c1vila na comunidade aut\u00f3noma de Castilla y Leon. De origem gran\u00edtica, abrange uma \u00e1rea de 86,397 ha e tem arvoredo at\u00e9 aos 1500\/1600 m de altitude.<br \/>\nTrata-se uma \u00e1rea com&nbsp; dimens\u00e3o consider\u00e1vel, mas com as zonas de maior altitude bastante limitadas. Tem v\u00e1rios circos glaciares, regra geral com lagoas de altitude, uma das quais em frente ao ref\u00fagio que vamos usar &#8211; Ref\u00fagio Laguna Grande.<br \/>\nO Pico mais importante \u00e9 o Pico Almanzor &#8211; principal objetivo da nossa atividade -, o qual exige pequenos passos de escalada para a sua ascens\u00e3o, pelo que os participantes devem ter alguma experi\u00eancia pr\u00e9via de escalada f\u00e1cil (sem necessidade de encordamento).<\/p>\n<p>&nbsp;<\/p>\n<h3>Programa<\/h3>\n<p>S\u00e1bado, dia 22 de abril<\/p>\n<ul>\n<li>7:00 (PT) &#8211; Sa\u00edda de Braga\/VN Famalic\u00e3o<\/li>\n<li>14:00 (ES)&nbsp; &#8211; Plataforma de Gredos; almo\u00e7o volante<\/li>\n<li>17:30 &#8211; Ref\u00fagio de Gredos<\/li>\n<li>19:30 &#8211; Jantar no ref\u00fagio<\/li>\n<\/ul>\n<p>Domingo, dia 23 de abril<\/p>\n<ul>\n<li>7:30 &#8211; Pequeno almo\u00e7o no ref\u00fagio<\/li>\n<li>8:00 &#8211; Ascens\u00e3o ao Almanzor (+\/- 7 h e 700 m de desn\u00edvel positivo, trilho algo dif\u00edcil na parte final)<\/li>\n<li>16:00 &#8211; Ref\u00fagio<\/li>\n<li>19:30 &#8211; Jantar no ref\u00fagio<\/li>\n<\/ul>\n<p>Segunda feira, dia 24 de abril<\/p>\n<ul>\n<li>7:30 &#8211; Pequeno almo\u00e7o no ref\u00fagio<\/li>\n<li>8:00 &#8211; Ascens\u00e3o ao Morezon (+\/- 4h30 e 400 m de desn\u00edvel positivo)<\/li>\n<li>13:30 &#8211; Plataforma<\/li>\n<li>19:00 (PT) &#8211; Braga\/VN Famalic\u00e3o<\/li>\n<\/ul>\n<p>&nbsp;<\/p>\n<h3>Dificuldade global da actividade<\/h3>\n<p>Trata-se de uma actividade com alguma dificuldade, exigindo experi\u00eancia pr\u00e9via em atividades invernais\/alpinismo.<\/p>\n<p>&nbsp;<\/p>\n<h3>Inscri\u00e7\u00f5es e log\u00edstica<\/h3>\n<ul>\n<li>Atividade exclusivamente para associados da Vento Norte.<\/li>\n<li>Enviar email <a href=\"mailto:montanhismo.vn@gmail.com\">montanhismo.vn@gmail.com<\/a> indicando nome, email, se possui transporte, lugares livres (por quest\u00f5es ambientais, de economia e log\u00edstica, tentaremos minimizar o n.\u00ba de autom\u00f3veis) e data, hora e montante do pagamento (atrav\u00e9s de transfer\u00eancia banc\u00e1ria).<\/li>\n<li>\u00c9 obrigat\u00f3rio ter seguro que cubra alpinismo.<\/li>\n<li>Est\u00e3o dispon\u00edveis 8 vagas<\/li>\n<li>Data limite 20 de abril<\/li>\n<\/ul>\n<p>Pre\u00e7os<\/p>\n<ul>\n<li>Associado: 10,00 \u20ac<\/li>\n<li>Inclui: inscri\u00e7\u00e3o.<\/li>\n<li>N\u00e3o Inclui: seguro, alojamento, alojamento e transporte.<\/li>\n<\/ul>\n<p>&nbsp;<\/p>\n<h3>Altera\u00e7\u00f5es ao planeamento<\/h3>\n<p>Em fun\u00e7\u00e3o das condi\u00e7\u00f5es meteorol\u00f3gicas pode ser necess\u00e1rio proceder a altera\u00e7\u00f5es \u00e0 atividade.<\/p>\n<p><\/p>\n","protected":false},"excerpt":{"rendered":"<p>Gredos 2017<br \/>\nP.N. Serra de Gredos, Espanha<br \/>\n22 a 24 abril 2017<br \/>\n&nbsp;<br \/>\nEstamos de regresso a uma atividade invernal e desta vez vamos rumar para sul, para a Sierra de Gredos.<br \/>\nO Parque Regional da Sierra de Gredos&nbsp; \u00e9 um espa\u00e7o natural protegido e est\u00e1 localizado na ponta sul da prov\u00edncia de \u00c1vila na comunidade aut\u00f3noma de Castilla y Leon. De origem gran\u00edtica, abrange uma \u00e1rea de 86,397 ha e tem arvoredo at\u00e9 aos 1500\/1600 m de altitude.<br \/>\nTrata-se uma \u00e1rea com&nbsp; dimens\u00e3o consider\u00e1vel, mas com as zonas de maior altitude bastante limitadas. Tem v\u00e1rios &#8230;<\/p>\n","protected":false},"author":1,"featured_media":3180,"comment_status":"open","ping_status":"open","sticky":false,"template":"","format":"standard","meta":{"ngg_post_thumbnail":0,"footnotes":""},"categories":[11],"tags":[],"class_list":["post-3179","post","type-post","status-publish","format-standard","has-post-thumbnail","hentry","category-montanhismo"],"_links":{"self":[{"href":"https:\/\/www.ventonorte.com\/index.php?rest_route=\/wp\/v2\/posts\/3179","targetHints":{"allow":["GET"]}}],"collection":[{"href":"https:\/\/www.ventonorte.com\/index.php?rest_route=\/wp\/v2\/posts"}],"about":[{"href":"https:\/\/www.ventonorte.com\/index.php?rest_route=\/wp\/v2\/types\/post"}],"author":[{"embeddable":true,"href":"https:\/\/www.ventonorte.com\/index.php?rest_route=\/wp\/v2\/users\/1"}],"replies":[{"embeddable":true,"href":"https:\/\/www.ventonorte.com\/index.php?rest_route=%2Fwp%2Fv2%2Fcomments&post=3179"}],"version-history":[{"count":4,"href":"https:\/\/www.ventonorte.com\/index.php?rest_route=\/wp\/v2\/posts\/3179\/revisions"}],"predecessor-version":[{"id":3184,"href":"https:\/\/www.ventonorte.com\/index.php?rest_route=\/wp\/v2\/posts\/3179\/revisions\/3184"}],"wp:featuredmedia":[{"embeddable":true,"href":"https:\/\/www.ventonorte.com\/index.php?rest_route=\/wp\/v2\/media\/3180"}],"wp:attachment":[{"href":"https:\/\/www.ventonorte.com\/index.php?rest_route=%2Fwp%2Fv2%2Fmedia&parent=3179"}],"wp:term":[{"taxonomy":"category","embeddable":true,"href":"https:\/\/www.ventonorte.com\/index.php?rest_route=%2Fwp%2Fv2%2Fcategories&post=3179"},{"taxonomy":"post_tag","embeddable":true,"href":"https:\/\/www.ventonorte.com\/index.php?rest_route=%2Fwp%2Fv2%2Ftags&post=3179"}],"curies":[{"name":"wp","href":"https:\/\/api.w.org\/{rel}","templated":true}]}}