{"id":3189,"date":"2017-05-14T17:37:49","date_gmt":"2017-05-14T17:37:49","guid":{"rendered":"http:\/\/www.ventonorte.com\/?p=3189"},"modified":"2017-05-26T07:04:25","modified_gmt":"2017-05-26T07:04:25","slug":"visita-a-serra-da-lousa-20-e-21052017","status":"publish","type":"post","link":"https:\/\/www.ventonorte.com\/?p=3189","title":{"rendered":"Visita \u00e0 Serra da Lous\u00e3 [20 e 21\/05\/2017]"},"content":{"rendered":"<h1 style=\"text-align: center;\"><img loading=\"lazy\" decoding=\"async\" class=\"aligncenter wp-image-3190\" src=\"http:\/\/www.ventonorte.com\/wp-content\/uploads\/AldeiasXisto-1024x411.jpg\" alt=\"\" width=\"551\" height=\"221\" srcset=\"https:\/\/www.ventonorte.com\/wp-content\/uploads\/AldeiasXisto-1024x411.jpg 1024w, https:\/\/www.ventonorte.com\/wp-content\/uploads\/AldeiasXisto-150x60.jpg 150w, https:\/\/www.ventonorte.com\/wp-content\/uploads\/AldeiasXisto-300x120.jpg 300w, https:\/\/www.ventonorte.com\/wp-content\/uploads\/AldeiasXisto-768x308.jpg 768w, https:\/\/www.ventonorte.com\/wp-content\/uploads\/AldeiasXisto.jpg 1211w\" sizes=\"auto, (max-width: 551px) 100vw, 551px\" \/>Visita \u00e0 Serra da Lous\u00e3<\/h1>\n<h2 style=\"text-align: center;\">Aldeias do Xisto e percurso interpretativo<\/h2>\n<h3 style=\"text-align: center;\">20 e 21 Maio 2017<\/h3>\n<p>&nbsp;<\/p>\n<p>Pela sua abund\u00e2ncia no solo da regi\u00e3o, o xisto foi sempre o elemento escolhido pelo Homem para construir as principais estruturas de abrigo e protec\u00e7\u00e3o numa regi\u00e3o por si h\u00e1 muito adoptada para habitar, pois via nas suas riquezas naturais, como os rios e os prados de montanha, um elemento \u00fanico de sobreviv\u00eancia. Na regi\u00e3o s\u00e3o v\u00e1rios os vest\u00edgios de passagem de outros povos, como os \u00e1rabes, e a ocupa\u00e7\u00e3o territorial come\u00e7ou apenas por ser sazonal, para pastar os animais e cultivar as zonas f\u00e9rteis da montanha. Contudo come\u00e7aram a ser cada vez mais pastores e agricultores a utilizar esta regi\u00e3o e consequentemente passaram a construir mais casas nas aldeias at\u00e9 que passaram a fixar as suas fam\u00edlias e formaram verdadeiras comunidades.<\/p>\n<p>Estas aldeias que foram nascendo do solo xistoso quase naturalmente como as \u00e1rvores, permitindo uma simbiose entre Homem e Natureza durante os \u00faltimos s\u00e9culos, nunca deixaram de respeitar a natureza \u00e0 sua volta, sens\u00edvel, e foram mantendo muitos cursos de \u00e1gua e bosques primitivos, essencialmente de carvalhos, sobreiro e medronho, e consequentemente todos os seres que os escolhiam para viver, como os corsos, javalis, salamandra-lusit\u00e2nica e o guarda-rios.<\/p>\n<p>Com o tempo e evolu\u00e7\u00e3o o Homem abandonou estas terras e as Aldeias do Xisto, mas a Natureza n\u00e3o. Hoje voltamos \u00e0s Aldeias do Xisto e percebemos a beleza natural que l\u00e1 continua a<br \/>\n existir e a integra\u00e7\u00e3o harmoniosa do Homem, tanto no passado como no presente e futuro.<\/p>\n<p>&nbsp;&nbsp;<\/p>\n<h3>Programa<\/h3>\n<p><strong>S\u00e1bado<\/strong><\/p>\n<ul>\n<li>10:00 \u2013 Ponto de encontro em frente \u00e0 igreja da Lous\u00e3<\/li>\n<li>10:30 \u2013 In\u00edcio da caminhada no Castela da Lous\u00e3 \u2013 PR5: Caminho do Xisto \u2013 Dura\u00e7\u00e3o: 3h30<\/li>\n<li>14h \u2013 Fim da caminhada e percurso de carro at\u00e9 Aigra Nova<\/li>\n<li>15h \u2013 Visita ao eco-museu das tradi\u00e7\u00f5es de xisto e \u00e0 maternidade de \u00e1rvores<\/li>\n<li>16h \u2013 Apadrinhamento e planta\u00e7\u00e3o de uma \u00e1rvore<\/li>\n<li>17h &#8211; Partida para a Pousada da Juventude da Lous\u00e3 e pernoita<\/li>\n<\/ul>\n<p><strong>Domingo<\/strong><\/p>\n<ul>\n<li>9:00 \u2013 Sa\u00edda da Pousada da Juventude e percurso de carro at\u00e9 Aigra Nova<\/li>\n<li>10:00 \u2013 Caminhada e percurso interpretativo da Ribeira de Mouro com orienta\u00e7\u00e3o pela associa\u00e7\u00e3o Lousit\u00e2nea<\/li>\n<li>15:00 \u2013 Fim da atividade<\/li>\n<\/ul>\n<h3>Grau de dificuldade<\/h3>\n<ul>\n<li>M\u00e9dia\/Alta<\/li>\n<\/ul>\n<h3>Pontos de Interesse<\/h3>\n<ul>\n<li>Castelo da Lous\u00e3<\/li>\n<li>Aldeias do Xisto do Talasnal, Chiqueiro, Casal Novo e Aigra Nova<\/li>\n<li>Ecomuseu das Tradi\u00e7\u00f5es do Xisto<\/li>\n<li>Maternidade de \u00e1rvores<\/li>\n<li>F\u00f3sseis marinhos da Aldeia da Pena<\/li>\n<li>Biodiversidade da Serra da Lous\u00e3<\/li>\n<li>Visita ao B\u00f3reas<\/li>\n<\/ul>\n<h3>Equipamento<\/h3>\n<ul>\n<li>Aconselha-se, tendo em conta o tipo de piso, a que se use botas de montanhismo ou sapatilhas de sola dura.<\/li>\n<li>Protec\u00e7\u00e3o solar;<\/li>\n<li>M\u00e1quina fotogr\u00e1fica ou de filmar;<\/li>\n<li>Bin\u00f3culos;<\/li>\n<\/ul>\n<p><strong>Nota:<\/strong> Uma parte do percurso pode n\u00e3o ter cobertura de rede de telem\u00f3vel.<\/p>\n<h3>Alimenta\u00e7\u00e3o<\/h3>\n<p><strong>S\u00e1bado:<\/strong> Durante o dia a alimenta\u00e7\u00e3o ser\u00e1 volante e baseada em sandwiches, barritas, bolachas e afins.<br \/>\n Durante o percurso iremos passar nas aldeias mas n\u00e3o \u00e9 garantido que se encontrem lojas de restaura\u00e7\u00e3o ou para compra de mercearia abertas pelo que os participantes devem levar todos os mantimentos logo na partida.<br \/>\n <span style=\"color: #ff0000;\">\u00c9 obrigat\u00f3rio levar \u00e1gua e\/ou outros l\u00edquidos.<\/span><br \/>\n Para o jantar a pousada tem cozinha pelo que cada um pode prepara a sua refei\u00e7\u00e3o. Alternativamente a vila da Lous\u00e3 tem lojas de restaura\u00e7\u00e3o.<\/p>\n<p><strong>Domingo:<\/strong> a associa\u00e7\u00e3o Lousit\u00e2nea fornece o almo\u00e7o volante<\/p>\n<h3>\n Transporte<\/h3>\n<p>O transporte fica a cargo dos participantes, havendo possibilidade de partilhar carro no sentido de a actividade se tornar mais sustent\u00e1vel e diminuir os custos da desloca\u00e7\u00e3o.<\/p>\n<h3>Alojamento<\/h3>\n<p>Pousada da Juventude da Lous\u00e3<\/p>\n<ul>\n<li>Op\u00e7\u00e3o 1: Quarto m\u00faltiplo com 4 camas: 13euros\/pax<\/li>\n<li>Op\u00e7\u00e3o 2: Quarto duplo com WC: 36euros\/quarto<\/li>\n<\/ul>\n<h3>Inscri\u00e7\u00f5es<\/h3>\n<p><strong>N\u00famero de participantes:<\/strong> m\u00ednimo 6 e m\u00e1ximo 12 (sem o m\u00ednimo de participantes a atividade n\u00e3o se<br \/>\n realizar\u00e1)<\/p>\n<p><strong>Data limite:<\/strong> dia 18 de Maio 2017<\/p>\n<p><strong>Custo:<\/strong><\/p>\n<ul>\n<li>Associados: 6euros + alojamento (+ seguro VN)<\/li>\n<li>N\u00e3o associados: 8euros + alojamento (+ seguro VN)<\/li>\n<\/ul>\n<p><span style=\"color: #ff0000;\">\u00c9 obrigat\u00f3rio possuir seguro para participar nesta actividade.<\/span> Para os participantes que ainda n\u00e3o tenham subscrito o seguro anual da Vento Norte acresce o valor de 5\u20ac. Este seguro \u00e9 v\u00e1lido para todas as actividades da Vento Norte durante este ano.<\/p>\n<p>Todas as inscri\u00e7\u00f5es e d\u00favidas devem ser enviadas para o mail <a href=\"mailto:anapumpkin@hotmail.com\">anapumpkin@hotmail.com<\/a> ou por telem\u00f3vel 917956403 (Ana Costa).<\/p>\n<p>As inscri\u00e7\u00f5es dever\u00e3o ser efectuadas em: <a href=\"https:\/\/docs.google.com\/forms\/d\/e\/1FAIpQLSeHyjvbXDt51D8a3IMaHAvPJm-q3AFpbYLeMFn_LemVknE6BQ\/viewform\">https:\/\/docs.google.com\/forms\/d\/e\/1FAIpQLSeHyjvbXDt51D8a3IMaHAvPJm-q3AFpbYLeMFn_LemVknE6BQ\/viewform<\/a>&nbsp; e o comprovativo de pagamento enviado para o email acima indicado.<\/p>\n<p>&nbsp;<\/p>\n<p>&nbsp;<\/p>\n","protected":false},"excerpt":{"rendered":"<p>Visita \u00e0 Serra da Lous\u00e3<br \/>\nAldeias do Xisto e percurso interpretativo<br \/>\n20 e 21 Maio 2017<br \/>\n&nbsp;<br \/>\nPela sua abund\u00e2ncia no solo da regi\u00e3o, o xisto foi sempre o elemento escolhido pelo Homem para construir as principais estruturas de abrigo e protec\u00e7\u00e3o numa regi\u00e3o por si h\u00e1 muito adoptada para habitar, pois via nas suas riquezas naturais, como os rios e os prados de montanha, um elemento \u00fanico de sobreviv\u00eancia. Na regi\u00e3o s\u00e3o v\u00e1rios os vest\u00edgios de passagem de outros povos, como os \u00e1rabes, e a ocupa\u00e7\u00e3o territorial come\u00e7ou apenas por ser sazonal, para &#8230;<\/p>\n","protected":false},"author":1,"featured_media":3190,"comment_status":"open","ping_status":"open","sticky":false,"template":"","format":"standard","meta":{"ngg_post_thumbnail":0,"footnotes":""},"categories":[4],"tags":[],"class_list":["post-3189","post","type-post","status-publish","format-standard","has-post-thumbnail","hentry","category-educambiental"],"_links":{"self":[{"href":"https:\/\/www.ventonorte.com\/index.php?rest_route=\/wp\/v2\/posts\/3189","targetHints":{"allow":["GET"]}}],"collection":[{"href":"https:\/\/www.ventonorte.com\/index.php?rest_route=\/wp\/v2\/posts"}],"about":[{"href":"https:\/\/www.ventonorte.com\/index.php?rest_route=\/wp\/v2\/types\/post"}],"author":[{"embeddable":true,"href":"https:\/\/www.ventonorte.com\/index.php?rest_route=\/wp\/v2\/users\/1"}],"replies":[{"embeddable":true,"href":"https:\/\/www.ventonorte.com\/index.php?rest_route=%2Fwp%2Fv2%2Fcomments&post=3189"}],"version-history":[{"count":6,"href":"https:\/\/www.ventonorte.com\/index.php?rest_route=\/wp\/v2\/posts\/3189\/revisions"}],"predecessor-version":[{"id":3196,"href":"https:\/\/www.ventonorte.com\/index.php?rest_route=\/wp\/v2\/posts\/3189\/revisions\/3196"}],"wp:featuredmedia":[{"embeddable":true,"href":"https:\/\/www.ventonorte.com\/index.php?rest_route=\/wp\/v2\/media\/3190"}],"wp:attachment":[{"href":"https:\/\/www.ventonorte.com\/index.php?rest_route=%2Fwp%2Fv2%2Fmedia&parent=3189"}],"wp:term":[{"taxonomy":"category","embeddable":true,"href":"https:\/\/www.ventonorte.com\/index.php?rest_route=%2Fwp%2Fv2%2Fcategories&post=3189"},{"taxonomy":"post_tag","embeddable":true,"href":"https:\/\/www.ventonorte.com\/index.php?rest_route=%2Fwp%2Fv2%2Ftags&post=3189"}],"curies":[{"name":"wp","href":"https:\/\/api.w.org\/{rel}","templated":true}]}}