{"id":3212,"date":"2017-06-18T07:55:30","date_gmt":"2017-06-18T07:55:30","guid":{"rendered":"http:\/\/www.ventonorte.com\/?p=3212"},"modified":"2017-07-10T13:25:10","modified_gmt":"2017-07-10T13:25:10","slug":"caminhada-para-todos-28052017-2","status":"publish","type":"post","link":"https:\/\/www.ventonorte.com\/?p=3212","title":{"rendered":"\u201cCaminhada para Todos&#8221; [09\/07\/2017]"},"content":{"rendered":"<p><img loading=\"lazy\" decoding=\"async\" class=\"wp-image-3213 aligncenter\" src=\"http:\/\/www.ventonorte.com\/wp-content\/uploads\/Arcos-de-Valdevez-1024x575.jpg\" alt=\"\" width=\"550\" height=\"309\" srcset=\"https:\/\/www.ventonorte.com\/wp-content\/uploads\/Arcos-de-Valdevez.jpg 1024w, https:\/\/www.ventonorte.com\/wp-content\/uploads\/Arcos-de-Valdevez-150x84.jpg 150w, https:\/\/www.ventonorte.com\/wp-content\/uploads\/Arcos-de-Valdevez-300x168.jpg 300w, https:\/\/www.ventonorte.com\/wp-content\/uploads\/Arcos-de-Valdevez-768x431.jpg 768w\" sizes=\"auto, (max-width: 550px) 100vw, 550px\" \/><\/p>\n<h1 style=\"text-align: center;\">&#8220;Caminhada para Todos&#8221;<\/h1>\n<h2 style=\"text-align: center;\">Ecovia do Vez \u2013 Arcos de Valdevez<\/h2>\n<h3 style=\"text-align: center;\">9-07-2017 (domingo)<\/h3>\n<p>&nbsp;<\/p>\n<p>Nesta quarta etapa das \u201cCaminhadas para Todos\u201d vamos percorrer a Ecovia do Vez, entre a praia fluvial da Valeta de Arcos de Valdevez e a aldeia de Sistelo.<\/p>\n<p>O tra\u00e7ado do percurso segue, em quase toda a extens\u00e3o o rio Vez, que est\u00e1 integrado na lista de S\u00edtios de Import\u00e2ncia Comunit\u00e1ria da Rede Natura 2000 (Rede Ecol\u00f3gica da Uni\u00e3o Europeia). Trata-se de uma \u00e1rea classificada como protegida pela import\u00e2ncia e raridade da sua fauna e flora.<\/p>\n<p>Passaremos por algumas praias fluviais e lagoas naturais (perto de Sistelo). O percurso \u00e9 feito em passadi\u00e7o de madeira numa dist\u00e2ncia consider\u00e1vel a partir da Vila dos Arcos. Haver\u00e1 ainda uma pequena parte feita em asfalto, assim como em caminhos empedrados e em caminhos de terra.<\/p>\n<p>&nbsp;<\/p>\n<h3>Ficha T\u00e9cnica<\/h3>\n<ul>\n<li>Extens\u00e3o aproximada: 21 km<br \/>\n H\u00e1 a possibilidade de realiza\u00e7\u00e3o de apenas uma parte do percurso. Neste caso, os interessados dever\u00e3o contactar com Pedro Cerqueira, com alguns dias de anteced\u00eancia, no sentido de se preparar a log\u00edstica para o transporte (esta op\u00e7\u00e3o poder\u00e1 ter custos acrescidos).<\/li>\n<li>Dura\u00e7\u00e3o aproximada: 6h00 horas.<\/li>\n<li>Grau de dificuldade: m\u00e9dio\/alto.<\/li>\n<li><strong>Ponto de partida\/chegada<\/strong>: Praia fluvial da Valeta, Arcos de Valdevez.<\/li>\n<li>Tipo de percurso: pequena rota, linear, de interesse ambiental e paisag\u00edstico.<\/li>\n<\/ul>\n<p><strong>Motivos de interesse<\/strong>: fauna e flora das margens do rio Vez.<\/p>\n<p>&nbsp;<\/p>\n<h3>Programa<\/h3>\n<ul>\n<li>09h00 \u2013 Ponto de encontro e <strong>In\u00edcio do percurso<\/strong>: parque de estacionamento junto ao bar Origens, da praia fluvial da Valeta.<\/li>\n<li>15h00 &#8211; Fim do percurso (Sistelo) e viagem de regresso a Arcos de Valdevez.<\/li>\n<\/ul>\n<p>&nbsp;<\/p>\n<h3>Equipamento<\/h3>\n<ul>\n<li>Aconselha-se o uso de botas de montanhismo<\/li>\n<li>Agasalho<\/li>\n<li>Mochila<\/li>\n<li>Protetor solar<\/li>\n<li>Fato de banho<\/li>\n<\/ul>\n<p>&nbsp;<\/p>\n<h3>Alimenta\u00e7\u00e3o<\/h3>\n<ul>\n<li>A alimenta\u00e7\u00e3o ser\u00e1 volante e fica a cargo de cada participante.<\/li>\n<li>\u00c9 aconselh\u00e1vel 1 a 1,5 L de \u00e1gua<\/li>\n<\/ul>\n<p>&nbsp;<\/p>\n<h3>Inscri\u00e7\u00f5es<\/h3>\n<ul>\n<li>Custo: gratuito para s\u00f3cios; 3 \u20ac para n\u00e3o s\u00f3cios.<\/li>\n<li>Seguro: \u00e9 obrigat\u00f3rio possuir seguro para participar na atividade. O seguro anual da Vento Norte tem o valor de 5 \u20ac, sendo v\u00e1lido para todas as caminhadas realizadas at\u00e9 31-12-2017.<\/li>\n<li>Contactos\/esclarecimentos: <a href=\"mailto:montanhismo.vn@gmail.com\">montanhismo.vn@gmail.com<\/a> ou <a href=\"mailto:geral@ventonorte.com\">geral@ventonorte.com<\/a> ou telem\u00f3vel n.\u00ba 965 648 065 (Pedro Cerqueira).<\/li>\n<li><\/li>\n<\/ul>\n<p><span style=\"color: #ff0000;\"><strong>Inscreva-se aqui<\/strong><\/span>:&nbsp;<a href=\"https:\/\/docs.google.com\/forms\/d\/e\/1FAIpQLSeHyjvbXDt51D8a3IMaHAvPJm-q3AFpbYLeMFn_LemVknE6BQ\/formResponse\">https:\/\/docs.google.com\/forms\/d\/e\/1FAIpQLSeHyjvbXDt51D8a3IMaHAvPJm-q3AFpbYLeMFn_LemVknE6BQ\/formResponse<\/a><\/p>\n<p>&nbsp;<\/p>\n<h3>Transporte<\/h3>\n<p>O Transporte fica a cargo dos participantes, havendo possibilidade de partilhar carro. Caso esteja interessado, por favor envie email.<\/p>\n<p>&nbsp;<\/p>\n<h3>Como chegar<\/h3>\n<p><strong>Desde Braga\/Famalic\u00e3o<\/strong><\/p>\n<ul>\n<li>Seguir em dire\u00e7\u00e3o a Ponte da Barca\/Arcos de Valdevez pela estrada nacional n.\u00ba101.<\/li>\n<li>A praia fluvial da Valeta situa-se na extremidade da vila, seguindo pela estrada que liga a Mon\u00e7\u00e3o.<\/li>\n<\/ul>\n<p>&nbsp;<\/p>\n<p>&nbsp;<\/p>\n<p>&nbsp;<\/p>\n<p>&nbsp;<\/p>\n","protected":false},"excerpt":{"rendered":"<p>&#8220;Caminhada para Todos&#8221;<br \/>\nEcovia do Vez \u2013 Arcos de Valdevez<br \/>\n9-07-2017 (domingo)<br \/>\n&nbsp;<br \/>\nNesta quarta etapa das \u201cCaminhadas para Todos\u201d vamos percorrer a Ecovia do Vez, entre a praia fluvial da Valeta de Arcos de Valdevez e a aldeia de Sistelo.<br \/>\nO tra\u00e7ado do percurso segue, em quase toda a extens\u00e3o o rio Vez, que est\u00e1 integrado na lista de S\u00edtios de Import\u00e2ncia Comunit\u00e1ria da Rede Natura 2000 (Rede Ecol\u00f3gica da Uni\u00e3o Europeia). Trata-se de uma \u00e1rea classificada como protegida pela import\u00e2ncia e raridade da sua fauna e flora.<br \/>\nPassaremos por algumas praias fluviais e lagoas &#8230;<\/p>\n","protected":false},"author":1,"featured_media":3213,"comment_status":"open","ping_status":"open","sticky":false,"template":"","format":"standard","meta":{"ngg_post_thumbnail":0,"footnotes":""},"categories":[11],"tags":[],"class_list":["post-3212","post","type-post","status-publish","format-standard","has-post-thumbnail","hentry","category-montanhismo"],"_links":{"self":[{"href":"https:\/\/www.ventonorte.com\/index.php?rest_route=\/wp\/v2\/posts\/3212","targetHints":{"allow":["GET"]}}],"collection":[{"href":"https:\/\/www.ventonorte.com\/index.php?rest_route=\/wp\/v2\/posts"}],"about":[{"href":"https:\/\/www.ventonorte.com\/index.php?rest_route=\/wp\/v2\/types\/post"}],"author":[{"embeddable":true,"href":"https:\/\/www.ventonorte.com\/index.php?rest_route=\/wp\/v2\/users\/1"}],"replies":[{"embeddable":true,"href":"https:\/\/www.ventonorte.com\/index.php?rest_route=%2Fwp%2Fv2%2Fcomments&post=3212"}],"version-history":[{"count":6,"href":"https:\/\/www.ventonorte.com\/index.php?rest_route=\/wp\/v2\/posts\/3212\/revisions"}],"predecessor-version":[{"id":3218,"href":"https:\/\/www.ventonorte.com\/index.php?rest_route=\/wp\/v2\/posts\/3212\/revisions\/3218"}],"wp:featuredmedia":[{"embeddable":true,"href":"https:\/\/www.ventonorte.com\/index.php?rest_route=\/wp\/v2\/media\/3213"}],"wp:attachment":[{"href":"https:\/\/www.ventonorte.com\/index.php?rest_route=%2Fwp%2Fv2%2Fmedia&parent=3212"}],"wp:term":[{"taxonomy":"category","embeddable":true,"href":"https:\/\/www.ventonorte.com\/index.php?rest_route=%2Fwp%2Fv2%2Fcategories&post=3212"},{"taxonomy":"post_tag","embeddable":true,"href":"https:\/\/www.ventonorte.com\/index.php?rest_route=%2Fwp%2Fv2%2Ftags&post=3212"}],"curies":[{"name":"wp","href":"https:\/\/api.w.org\/{rel}","templated":true}]}}