{"id":3229,"date":"2017-09-10T10:24:33","date_gmt":"2017-09-10T10:24:33","guid":{"rendered":"http:\/\/www.ventonorte.com\/?p=3229"},"modified":"2017-10-10T10:58:22","modified_gmt":"2017-10-10T10:58:22","slug":"a-conspiracao-das-lampadas-ciclo-ambientar-se-15092017","status":"publish","type":"post","link":"https:\/\/www.ventonorte.com\/?p=3229","title":{"rendered":"\u201cA Conspira\u00e7\u00e3o das L\u00e2mpadas\u201d &#8211; ciclo AMBIENTAR-SE [15\/09\/2017]"},"content":{"rendered":"<p><img loading=\"lazy\" decoding=\"async\" class=\"aligncenter wp-image-3231\" src=\"http:\/\/www.ventonorte.com\/wp-content\/uploads\/Cartaz_Devesa_Ambientarse_setembro-01-724x1024.jpg\" alt=\"\" width=\"550\" height=\"778\" srcset=\"https:\/\/www.ventonorte.com\/wp-content\/uploads\/Cartaz_Devesa_Ambientarse_setembro-01-724x1024.jpg 724w, https:\/\/www.ventonorte.com\/wp-content\/uploads\/Cartaz_Devesa_Ambientarse_setembro-01-106x150.jpg 106w, https:\/\/www.ventonorte.com\/wp-content\/uploads\/Cartaz_Devesa_Ambientarse_setembro-01-212x300.jpg 212w, https:\/\/www.ventonorte.com\/wp-content\/uploads\/Cartaz_Devesa_Ambientarse_setembro-01-768x1086.jpg 768w, https:\/\/www.ventonorte.com\/wp-content\/uploads\/Cartaz_Devesa_Ambientarse_setembro-01.jpg 1131w\" sizes=\"auto, (max-width: 550px) 100vw, 550px\" \/><\/p>\n<h1 style=\"text-align: center;\">&#8220;A Conspira\u00e7\u00e3o das L\u00e2mpadas&#8221;<\/h1>\n<p style=\"text-align: center;\"><em>A hist\u00f3ria secreta da obsolesc\u00eancia programada<\/em><\/p>\n<h2 style=\"text-align: center;\">ciclo AMBIENTAR-SE<\/h2>\n<h3 style=\"text-align: center;\">Dia&nbsp;15 de setembro&nbsp;de 2017, \u00e0s&nbsp;21h30, <br \/>\nCasa do Territ\u00f3rio, Parque da Devesa, em Vila Nova de Famalic\u00e3o<br \/>\nentrada livre<\/h3>\n<p>&nbsp;<\/p>\n<p>A Conspira\u00e7\u00e3o das L\u00e2mpadas combina investiga\u00e7\u00e3o e imagens de arquivo raras para tra\u00e7ar a hist\u00f3ria escondida da Obsolesc\u00eancia Programada, desde os seus in\u00edcios nos anos 1920 com um cartel secreto criado expressamente para limitar a vida \u00fatil das l\u00e2mpadas, at\u00e9 \u00e0s hist\u00f3rias atuais com aparelhos eletr\u00f3nicos de ponta (como o iPod), e o crescente esp\u00edrito de resist\u00eancia entre consumidores comuns.<\/p>\n<p>Este filme viaja at\u00e9 Fran\u00e7a, Alemanha, Espanha e EUA para encontrar testemunhas de uma pr\u00e1tica comercial que se tornou a base da economia moderna e traz imagens inquietantes da \u00c1frica, onde os eletr\u00f3nicos descartados se acumulam em grandes cemit\u00e9rios para res\u00edduos eletr\u00f3nicos.<\/p>\n<p>Organiza\u00e7\u00e3o desta sess\u00e3o e modera\u00e7\u00e3o do debate: <a href=\"http:\/\/www.ventonorte.com\">VENTO NORTE &#8211; Associa\u00e7\u00e3o de Defesa do Ambiente e Ocupa\u00e7\u00e3o dos Tempos Livres<\/a><\/p>\n<p>Evento no Facebook: <a href=\"https:\/\/www.facebook.com\/events\/2065114250388558\/\">https:\/\/www.facebook.com\/events\/2065114250388558\/<\/a><\/p>\n<p>&nbsp;<\/p>\n<p>As sess\u00f5es AMBIENTAR-SE s\u00e3o uma parceria entre o Munic\u00edpio de Vila Nova de Famalic\u00e3o (Parque da Devesa) e institui\u00e7\u00f5es locais ligadas \u00e0 prote\u00e7\u00e3o do ambiente, que constam na exibi\u00e7\u00e3o de um filme de t\u00f3nica ambiental com debate no final.<\/p>\n<p>Informa\u00e7\u00f5es: <a href=\"mailto:parquedadevesa@vilanovadefamalicao.org\">parquedadevesa@vilanovadefamalicao.org<\/a> \/<span style=\"color: #3366ff;\"> 252 374 184<\/span><\/p>\n<p>&nbsp;<\/p>\n<p>&nbsp;<\/p>\n","protected":false},"excerpt":{"rendered":"<p>&#8220;A Conspira\u00e7\u00e3o das L\u00e2mpadas&#8221;<br \/>\nA hist\u00f3ria secreta da obsolesc\u00eancia programada<br \/>\nciclo AMBIENTAR-SE<br \/>\nDia&nbsp;15 de setembro&nbsp;de 2017, \u00e0s&nbsp;21h30,<br \/>\nCasa do Territ\u00f3rio, Parque da Devesa, em Vila Nova de Famalic\u00e3o<br \/>\nentrada livre<br \/>\n&nbsp;<br \/>\nA Conspira\u00e7\u00e3o das L\u00e2mpadas combina investiga\u00e7\u00e3o e imagens de arquivo raras para tra\u00e7ar a hist\u00f3ria escondida da Obsolesc\u00eancia Programada, desde os seus in\u00edcios nos anos 1920 com um cartel secreto criado expressamente para limitar a vida \u00fatil das l\u00e2mpadas, at\u00e9 \u00e0s hist\u00f3rias atuais com aparelhos eletr\u00f3nicos de ponta (como o iPod), e o crescente esp\u00edrito de resist\u00eancia entre consumidores comuns.<br \/>\nEste filme viaja at\u00e9 Fran\u00e7a, Alemanha, &#8230;<\/p>\n","protected":false},"author":1,"featured_media":3231,"comment_status":"open","ping_status":"open","sticky":false,"template":"","format":"standard","meta":{"ngg_post_thumbnail":0,"footnotes":""},"categories":[4],"tags":[],"class_list":["post-3229","post","type-post","status-publish","format-standard","has-post-thumbnail","hentry","category-educambiental"],"_links":{"self":[{"href":"https:\/\/www.ventonorte.com\/index.php?rest_route=\/wp\/v2\/posts\/3229","targetHints":{"allow":["GET"]}}],"collection":[{"href":"https:\/\/www.ventonorte.com\/index.php?rest_route=\/wp\/v2\/posts"}],"about":[{"href":"https:\/\/www.ventonorte.com\/index.php?rest_route=\/wp\/v2\/types\/post"}],"author":[{"embeddable":true,"href":"https:\/\/www.ventonorte.com\/index.php?rest_route=\/wp\/v2\/users\/1"}],"replies":[{"embeddable":true,"href":"https:\/\/www.ventonorte.com\/index.php?rest_route=%2Fwp%2Fv2%2Fcomments&post=3229"}],"version-history":[{"count":2,"href":"https:\/\/www.ventonorte.com\/index.php?rest_route=\/wp\/v2\/posts\/3229\/revisions"}],"predecessor-version":[{"id":3233,"href":"https:\/\/www.ventonorte.com\/index.php?rest_route=\/wp\/v2\/posts\/3229\/revisions\/3233"}],"wp:featuredmedia":[{"embeddable":true,"href":"https:\/\/www.ventonorte.com\/index.php?rest_route=\/wp\/v2\/media\/3231"}],"wp:attachment":[{"href":"https:\/\/www.ventonorte.com\/index.php?rest_route=%2Fwp%2Fv2%2Fmedia&parent=3229"}],"wp:term":[{"taxonomy":"category","embeddable":true,"href":"https:\/\/www.ventonorte.com\/index.php?rest_route=%2Fwp%2Fv2%2Fcategories&post=3229"},{"taxonomy":"post_tag","embeddable":true,"href":"https:\/\/www.ventonorte.com\/index.php?rest_route=%2Fwp%2Fv2%2Ftags&post=3229"}],"curies":[{"name":"wp","href":"https:\/\/api.w.org\/{rel}","templated":true}]}}