{"id":3235,"date":"2017-10-10T10:58:32","date_gmt":"2017-10-10T10:58:32","guid":{"rendered":"http:\/\/www.ventonorte.com\/?p=3235"},"modified":"2017-10-24T10:29:00","modified_gmt":"2017-10-24T10:29:00","slug":"caminhada-para-todos-15102017-montalegre","status":"publish","type":"post","link":"https:\/\/www.ventonorte.com\/?p=3235","title":{"rendered":"\u201cCaminhada para Todos&#8221; [15\/10\/2017] &#8211; Montalegre"},"content":{"rendered":"<h1 style=\"text-align: center;\"><img loading=\"lazy\" decoding=\"async\" class=\"aligncenter wp-image-3236\" src=\"http:\/\/www.ventonorte.com\/wp-content\/uploads\/VilaDoSalto-1024x575.jpg\" alt=\"\" width=\"550\" height=\"309\" srcset=\"https:\/\/www.ventonorte.com\/wp-content\/uploads\/VilaDoSalto-1024x575.jpg 1024w, https:\/\/www.ventonorte.com\/wp-content\/uploads\/VilaDoSalto-150x84.jpg 150w, https:\/\/www.ventonorte.com\/wp-content\/uploads\/VilaDoSalto-300x169.jpg 300w, https:\/\/www.ventonorte.com\/wp-content\/uploads\/VilaDoSalto-768x432.jpg 768w\" sizes=\"auto, (max-width: 550px) 100vw, 550px\" \/><br \/>\n \u201cCaminhada para Todos&#8221;<\/h1>\n<h2 style=\"text-align: center;\">Cercanias da Vila de Salto \u2013 Montalegre<\/h2>\n<h3 style=\"text-align: center;\">15-10-2017 (domingo)<\/h3>\n<p>&nbsp;<\/p>\n<p>&nbsp;<\/p>\n<p>Nesta quinta etapa das \u201cCaminhadas para Todos\u201d vamos at\u00e9 \u00e0 vila de Salto em Montalegre. O percurso a realizar ter\u00e1 como base o Trilho de D. Nuno, encurtando-se um pouco a sua extens\u00e3o. Partiremos do Parque do Torr\u00e3o da Veiga, em Salto, passando pelos n\u00facleos rurais de Reboreda, Carvalho, P\u00f3voa, Amial e Corva.<\/p>\n<p>Ao longo do percurso, feito em caminhos rurais e florestais, os lameiros com gado barros\u00e3o ser\u00e3o uma constante. Passaremos por aldeias tradicionais, caminhos com cal\u00e7adas centen\u00e1rias, casas senhoriais seculares, capelas, moinhos, &#8230;<\/p>\n<p><strong>Ficha T\u00e9cnica:<\/strong><\/p>\n<ul>\n<li>Extens\u00e3o aproximada: 16 km<\/li>\n<li>Dura\u00e7\u00e3o aproximada: 5h30 horas.<\/li>\n<li>Grau de dificuldade: m\u00e9dio.<\/li>\n<li>Ponto de partida\/chegada: Parque do Torr\u00e3o da Veiga, Salto.<\/li>\n<li>Tipo de percurso: pequena rota, circular, de interesse ambiental e paisag\u00edstico.<br \/>\n&nbsp;<\/li>\n<\/ul>\n<h3>Programa<\/h3>\n<ul>\n<li>09h30 \u2013 Ponto de encontro e In\u00edcio do percurso: parque do Torr\u00e3o da Veiga, Salto.<\/li>\n<li>15h00 &#8211; Fim do percurso.<\/li>\n<\/ul>\n<p>&nbsp;<\/p>\n<h3>Equipamento<\/h3>\n<ul>\n<li>Aconselha-se o uso de botas de montanhismo e roupa confort\u00e1vel<\/li>\n<li>Mochila<\/li>\n<li>Protetor solar<\/li>\n<\/ul>\n<p>&nbsp;<\/p>\n<h3>Alimenta\u00e7\u00e3o<\/h3>\n<ul>\n<li>A alimenta\u00e7\u00e3o ser\u00e1 volante e fica a cargo de cada participante.<\/li>\n<li>\u00c9 aconselh\u00e1vel 1 a 1,5 L de \u00e1gua<\/li>\n<\/ul>\n<p>&nbsp;<\/p>\n<h3>Inscri\u00e7\u00f5es<\/h3>\n<ul>\n<li>Custo: gratuito para s\u00f3cios; 3 \u20ac para n\u00e3o s\u00f3cios.<\/li>\n<li>Seguro: \u00e9 obrigat\u00f3rio possuir seguro para participar na atividade. O seguro anual da Vento Norte tem o valor de 5 \u20ac, sendo v\u00e1lido para todas as caminhadas realizadas at\u00e9 31-12-2017.<\/li>\n<li>Contactos\/esclarecimentos: <a href=\"mailto:montanhismo.vn@gmail.com\">montanhismo.vn@gmail.com<\/a> ou <a href=\"mailto:geral@ventonorte.com\">geral@ventonorte.com<\/a> ou telem\u00f3vel n.\u00ba 965 648 065 (Pedro Cerqueira).<\/li>\n<\/ul>\n<p style=\"padding-left: 30px;\">Inscreva-se aqui:&nbsp;<a href=\"https:\/\/docs.google.com\/forms\/d\/e\/1FAIpQLSeHyjvbXDt51D8a3IMaHAvPJm-q3AFpbYLeMFn_LemVknE6BQ\/formResponse\">https:\/\/docs.google.com\/forms\/d\/e\/1FAIpQLSeHyjvbXDt51D8a3IMaHAvPJm-q3AFpbYLeMFn_LemVknE6BQ\/formResponse<\/a><\/p>\n<p>&nbsp;<\/p>\n<h3>Transporte<\/h3>\n<ul>\n<li>O Transporte fica a cargo dos participantes, havendo possibilidade de partilhar carro. Caso esteja interessado, por favor envie email.<\/li>\n<\/ul>\n<p>&nbsp;<\/p>\n<h3>Como chegar<\/h3>\n<p><strong>Desde Braga\/Famalic\u00e3o:<\/strong><\/p>\n<ol>\n<li>Seguir em dire\u00e7\u00e3o a Vieira do Minho\/Montalegre pela estrada nacional n.\u00ba103.<\/li>\n<li>Tomar a estrada para Salto um pouco depois da Albufeira da Venda Nova.<\/li>\n<\/ol>\n<p>&nbsp;<\/p>\n<p>&nbsp;<\/p>\n<p>&nbsp;<\/p>\n<p>&nbsp;<\/p>\n","protected":false},"excerpt":{"rendered":"<p> \u201cCaminhada para Todos&#8221;<br \/>\nCercanias da Vila de Salto \u2013 Montalegre<br \/>\n15-10-2017 (domingo)<br \/>\n&nbsp;<br \/>\n&nbsp;<br \/>\nNesta quinta etapa das \u201cCaminhadas para Todos\u201d vamos at\u00e9 \u00e0 vila de Salto em Montalegre. O percurso a realizar ter\u00e1 como base o Trilho de D. Nuno, encurtando-se um pouco a sua extens\u00e3o. Partiremos do Parque do Torr\u00e3o da Veiga, em Salto, passando pelos n\u00facleos rurais de Reboreda, Carvalho, P\u00f3voa, Amial e Corva.<br \/>\nAo longo do percurso, feito em caminhos rurais e florestais, os lameiros com gado barros\u00e3o ser\u00e3o uma constante. Passaremos por aldeias tradicionais, caminhos com cal\u00e7adas centen\u00e1rias, casas senhoriais &#8230;<\/p>\n","protected":false},"author":1,"featured_media":3236,"comment_status":"open","ping_status":"open","sticky":false,"template":"","format":"standard","meta":{"ngg_post_thumbnail":0,"footnotes":""},"categories":[11],"tags":[],"class_list":["post-3235","post","type-post","status-publish","format-standard","has-post-thumbnail","hentry","category-montanhismo"],"_links":{"self":[{"href":"https:\/\/www.ventonorte.com\/index.php?rest_route=\/wp\/v2\/posts\/3235","targetHints":{"allow":["GET"]}}],"collection":[{"href":"https:\/\/www.ventonorte.com\/index.php?rest_route=\/wp\/v2\/posts"}],"about":[{"href":"https:\/\/www.ventonorte.com\/index.php?rest_route=\/wp\/v2\/types\/post"}],"author":[{"embeddable":true,"href":"https:\/\/www.ventonorte.com\/index.php?rest_route=\/wp\/v2\/users\/1"}],"replies":[{"embeddable":true,"href":"https:\/\/www.ventonorte.com\/index.php?rest_route=%2Fwp%2Fv2%2Fcomments&post=3235"}],"version-history":[{"count":3,"href":"https:\/\/www.ventonorte.com\/index.php?rest_route=\/wp\/v2\/posts\/3235\/revisions"}],"predecessor-version":[{"id":3239,"href":"https:\/\/www.ventonorte.com\/index.php?rest_route=\/wp\/v2\/posts\/3235\/revisions\/3239"}],"wp:featuredmedia":[{"embeddable":true,"href":"https:\/\/www.ventonorte.com\/index.php?rest_route=\/wp\/v2\/media\/3236"}],"wp:attachment":[{"href":"https:\/\/www.ventonorte.com\/index.php?rest_route=%2Fwp%2Fv2%2Fmedia&parent=3235"}],"wp:term":[{"taxonomy":"category","embeddable":true,"href":"https:\/\/www.ventonorte.com\/index.php?rest_route=%2Fwp%2Fv2%2Fcategories&post=3235"},{"taxonomy":"post_tag","embeddable":true,"href":"https:\/\/www.ventonorte.com\/index.php?rest_route=%2Fwp%2Fv2%2Ftags&post=3235"}],"curies":[{"name":"wp","href":"https:\/\/api.w.org\/{rel}","templated":true}]}}