{"id":3260,"date":"2017-11-04T15:02:32","date_gmt":"2017-11-04T15:02:32","guid":{"rendered":"http:\/\/www.ventonorte.com\/?p=3260"},"modified":"2017-11-04T15:02:32","modified_gmt":"2017-11-04T15:02:32","slug":"caminhada-para-todos-12112017-mondim-de-basto","status":"publish","type":"post","link":"https:\/\/www.ventonorte.com\/?p=3260","title":{"rendered":"\u201cCaminhada para Todos&#8221; [12\/11\/2017] &#8211; Mondim de Basto"},"content":{"rendered":"<h1><img loading=\"lazy\" decoding=\"async\" class=\"aligncenter wp-image-3261\" src=\"http:\/\/www.ventonorte.com\/wp-content\/uploads\/SraGra\u00e7a.jpg\" alt=\"\" width=\"550\" height=\"344\" srcset=\"https:\/\/www.ventonorte.com\/wp-content\/uploads\/SraGra\u00e7a.jpg 776w, https:\/\/www.ventonorte.com\/wp-content\/uploads\/SraGra\u00e7a-150x94.jpg 150w, https:\/\/www.ventonorte.com\/wp-content\/uploads\/SraGra\u00e7a-300x188.jpg 300w, https:\/\/www.ventonorte.com\/wp-content\/uploads\/SraGra\u00e7a-768x481.jpg 768w\" sizes=\"auto, (max-width: 550px) 100vw, 550px\" \/><\/h1>\n<h1 style=\"text-align: center;\">\u201cCaminhada para Todos&#8221;<\/h1>\n<h2 style=\"text-align: center;\">Caminhos da Sr.\u00aa da Gra\u00e7a<\/h2>\n<h2 style=\"text-align: center;\">\u2013 Mondim de Basto \u2013<\/h2>\n<h3 style=\"text-align: center;\">12-11-2017 (domingo)<\/h3>\n<p>&nbsp;<\/p>\n<p>Este percurso assenta no caminho utilizado pelos peregrinos para chegar ao alto do Monte Farinha a partir da vila de Mondim de Basto.<\/p>\n<p>O Monte Farinha tem uma altitude de 947 metros, ostentando no seu topo a venerada ermida de Nossa Senhora da Gra\u00e7a. No topo do monte ter\u00e1 existido em tempos a cidade de Cin\u00ednia, lar da tribo castreja dos Tamecanos, que ter\u00e1 sido for\u00e7ada o seu territ\u00f3rio aquando da ocupa\u00e7\u00e3o romana no s\u00e9culo II A.C., sob o comando do c\u00f4nsul D\u00e9cimo J\u00fanio Bruto. Segundo v\u00e1rias fontes, embora n\u00e3o existindo certezas da funda\u00e7\u00e3o original, no local existiria, desde remotos per\u00edodos, um templo j\u00e1 do per\u00edodo castrejo de ocupa\u00e7\u00e3o do monte.&nbsp;<\/p>\n<p>A estrutura atual data de 1775, constru\u00edda, forte, em granito da regi\u00e3o, com torre e pavimento lajeado.&nbsp;<\/p>\n<p style=\"text-align: right;\"><span style=\"font-size: 10pt;\">(fontes: Munic\u00edpio de Mondim de Basto, wikip\u00e9dia e <a href=\"http:\/\/www.guiadacidade.pt\">www.guiadacidade.pt<\/a>)<\/span><\/p>\n<p>&nbsp;<\/p>\n<h3>Ficha T\u00e9cnica<\/h3>\n<ul>\n<li>Extens\u00e3o aproximada: 14 km<\/li>\n<li>Dura\u00e7\u00e3o aproximada: 5h30 horas.<\/li>\n<li>Grau de dificuldade: m\u00e9dio.<\/li>\n<li>Ponto de partida\/chegada: Mondim de Basto, junto ao parque florestal.<\/li>\n<li>Tipo de percurso: pequena rota, circular, de interesse ambiental e paisag\u00edstico.<\/li>\n<\/ul>\n<p>&nbsp;<\/p>\n<h3>Programa<\/h3>\n<ul>\n<li>09h00 \u2013 Ponto de encontro e In\u00edcio do percurso: parque florestal na vila de Mondim de Basto.<\/li>\n<li>14h30 &#8211; Fim do percurso.<\/li>\n<\/ul>\n<p>&nbsp;<\/p>\n<h3>Equipamento<\/h3>\n<ul>\n<li>Aconselha-se o uso de botas de montanhismo e roupa confort\u00e1vel<\/li>\n<li>Mochila<\/li>\n<li>Protetor solar<\/li>\n<\/ul>\n<p>&nbsp;<\/p>\n<h3>Alimenta\u00e7\u00e3o<\/h3>\n<ul>\n<li>A alimenta\u00e7\u00e3o ser\u00e1 volante e fica a cargo de cada participante.<\/li>\n<li>\u00c9 aconselh\u00e1vel 1 a 1,5 L de \u00e1gua<\/li>\n<\/ul>\n<p>&nbsp;<\/p>\n<h3>Inscri\u00e7\u00f5es:<\/h3>\n<ul>\n<li>Custo: gratuito para s\u00f3cios; 3 \u20ac para n\u00e3o s\u00f3cios.<\/li>\n<li>Seguro: \u00e9 obrigat\u00f3rio possuir seguro para participar na atividade. O seguro anual da Vento Norte tem o valor de 5 \u20ac, sendo v\u00e1lido para todas as caminhadas realizadas at\u00e9 31-12-2017.<\/li>\n<li>Contactos\/esclarecimentos: montanhismo.vn@gmail.com ou geral@ventonorte.com ou telem\u00f3vel n.\u00ba 965 648 065 (Pedro Cerqueira).<\/li>\n<li>Inscreva-se aqui:&nbsp;https:\/\/docs.google.com\/forms\/d\/e\/1FAIpQLSeHyjvbXDt51D8a3IMaHAvPJm-q3AFpbYLeMFn_LemVknE6BQ\/formResponse<\/li>\n<\/ul>\n<p>&nbsp;<\/p>\n<h3>Transporte<\/h3>\n<ul>\n<li>O Transporte fica a cargo dos participantes, havendo possibilidade de partilhar carro. Caso esteja interessado, por favor envie email.<\/li>\n<\/ul>\n<p>&nbsp;<\/p>\n<h3>Como chegar<\/h3>\n<p>Desde Braga\/Famalic\u00e3o (75 km desde Braga).<\/p>\n<ul>\n<li>Seguir em dire\u00e7\u00e3o a Guimar\u00e3es, pela A11, de seguida tomar a A7, saindo em Arco de Ba\u00falhe.<\/li>\n<li>Seguir pela estrada N210, em direc\u00e7\u00e3o a Mondim de Basto<\/li>\n<\/ul>\n<p>&nbsp;<\/p>\n<p>&nbsp;<\/p>\n<p>&nbsp;<\/p>\n","protected":false},"excerpt":{"rendered":"<p>\u201cCaminhada para Todos&#8221;<br \/>\nCaminhos da Sr.\u00aa da Gra\u00e7a<br \/>\n\u2013 Mondim de Basto \u2013<br \/>\n12-11-2017 (domingo)<br \/>\n&nbsp;<br \/>\nEste percurso assenta no caminho utilizado pelos peregrinos para chegar ao alto do Monte Farinha a partir da vila de Mondim de Basto.<br \/>\nO Monte Farinha tem uma altitude de 947 metros, ostentando no seu topo a venerada ermida de Nossa Senhora da Gra\u00e7a. No topo do monte ter\u00e1 existido em tempos a cidade de Cin\u00ednia, lar da tribo castreja dos Tamecanos, que ter\u00e1 sido for\u00e7ada o seu territ\u00f3rio aquando da ocupa\u00e7\u00e3o romana no s\u00e9culo II A.C., sob o comando &#8230;<\/p>\n","protected":false},"author":1,"featured_media":3261,"comment_status":"open","ping_status":"open","sticky":false,"template":"","format":"standard","meta":{"ngg_post_thumbnail":0,"footnotes":""},"categories":[11],"tags":[],"class_list":["post-3260","post","type-post","status-publish","format-standard","has-post-thumbnail","hentry","category-montanhismo"],"_links":{"self":[{"href":"https:\/\/www.ventonorte.com\/index.php?rest_route=\/wp\/v2\/posts\/3260","targetHints":{"allow":["GET"]}}],"collection":[{"href":"https:\/\/www.ventonorte.com\/index.php?rest_route=\/wp\/v2\/posts"}],"about":[{"href":"https:\/\/www.ventonorte.com\/index.php?rest_route=\/wp\/v2\/types\/post"}],"author":[{"embeddable":true,"href":"https:\/\/www.ventonorte.com\/index.php?rest_route=\/wp\/v2\/users\/1"}],"replies":[{"embeddable":true,"href":"https:\/\/www.ventonorte.com\/index.php?rest_route=%2Fwp%2Fv2%2Fcomments&post=3260"}],"version-history":[{"count":3,"href":"https:\/\/www.ventonorte.com\/index.php?rest_route=\/wp\/v2\/posts\/3260\/revisions"}],"predecessor-version":[{"id":3264,"href":"https:\/\/www.ventonorte.com\/index.php?rest_route=\/wp\/v2\/posts\/3260\/revisions\/3264"}],"wp:featuredmedia":[{"embeddable":true,"href":"https:\/\/www.ventonorte.com\/index.php?rest_route=\/wp\/v2\/media\/3261"}],"wp:attachment":[{"href":"https:\/\/www.ventonorte.com\/index.php?rest_route=%2Fwp%2Fv2%2Fmedia&parent=3260"}],"wp:term":[{"taxonomy":"category","embeddable":true,"href":"https:\/\/www.ventonorte.com\/index.php?rest_route=%2Fwp%2Fv2%2Fcategories&post=3260"},{"taxonomy":"post_tag","embeddable":true,"href":"https:\/\/www.ventonorte.com\/index.php?rest_route=%2Fwp%2Fv2%2Ftags&post=3260"}],"curies":[{"name":"wp","href":"https:\/\/api.w.org\/{rel}","templated":true}]}}