{"id":3265,"date":"2017-11-04T15:56:16","date_gmt":"2017-11-04T15:56:16","guid":{"rendered":"http:\/\/www.ventonorte.com\/?p=3265"},"modified":"2017-11-04T15:56:48","modified_gmt":"2017-11-04T15:56:48","slug":"serra-da-estrela-01-a-02122017","status":"publish","type":"post","link":"https:\/\/www.ventonorte.com\/?p=3265","title":{"rendered":"Serra da Estrela [01 a 02\/12\/2017]"},"content":{"rendered":"<p><img loading=\"lazy\" decoding=\"async\" class=\"aligncenter wp-image-3266\" src=\"http:\/\/www.ventonorte.com\/wp-content\/uploads\/cov\u00e3o-de-ferro-1024x576.jpg\" alt=\"\" width=\"549\" height=\"309\" srcset=\"https:\/\/www.ventonorte.com\/wp-content\/uploads\/cov\u00e3o-de-ferro-1024x576.jpg 1024w, https:\/\/www.ventonorte.com\/wp-content\/uploads\/cov\u00e3o-de-ferro-150x84.jpg 150w, https:\/\/www.ventonorte.com\/wp-content\/uploads\/cov\u00e3o-de-ferro-300x169.jpg 300w, https:\/\/www.ventonorte.com\/wp-content\/uploads\/cov\u00e3o-de-ferro-768x432.jpg 768w, https:\/\/www.ventonorte.com\/wp-content\/uploads\/cov\u00e3o-de-ferro.jpg 1600w\" sizes=\"auto, (max-width: 549px) 100vw, 549px\" \/><\/p>\n<h1 style=\"text-align: center;\">Serra da Estrela<\/h1>\n<h3 style=\"text-align: center;\">&nbsp;01 a 02 dezembro 2017 &nbsp;&nbsp;&nbsp;&nbsp;&nbsp;&nbsp;&nbsp;&nbsp;<\/h3>\n<p>O Parque Natural da Serra da Estrela (PNSE) fica no centro interior de Portugal essencialmente no distrito da Guarda (85%) e tamb\u00e9m no distrito de Castelo Branco (15%). Marcado por maci\u00e7os rochosos de granito, xisto e xistograuvaquicos e vest\u00edgios de antigos glaciares, a elevada altitude e localiza\u00e7\u00e3o do parque natural tornam-no um dos locais de Portugal continental com maior ocorr\u00eancia de chuva, neve, granizo e orvalho.<\/p>\n<p>A import\u00e2ncia desta \u00e1rea faz com que seja Reserva Biogen\u00e9tica. Em 2000, foi designada uma \u00e1rea de 88 295 hectares como S\u00edtio de interesse biol\u00f3gico e passou a integrar a Rede Natura 2000. Com valores naturais relevantes, incluindo algumas esp\u00e9cies de flora \u00fanica no pa\u00eds, nos animais destaca-se o lobo (Canis lupus), o javali, a lontra, a raposa (Vulpes vulpes), a lagartixa-de-montanha (Lacerta monticola monticola), a geneta (Genetta genetta) e o coelho-bravo-europeu (Oryctolagus cuniculus) entre outros.1<\/p>\n<p>Entre as diversas atividades que tem para oferecer destacam-se os percursos pedestres assinalados e um centro de interpreta\u00e7\u00e3o. Nas atividades econ\u00f3micas \u00e9 relevante a import\u00e2ncia do queijo Serra da Estrela e da \u00fanica est\u00e2ncia de ski no pa\u00eds.<\/p>\n<p style=\"text-align: right;\">In: wikip\u00e9dia<\/p>\n<h3>Programa<\/h3>\n<table border=\"1\">\n<tbody>\n<tr>\n<td width=\"340\"><strong>Op\u00e7\u00e3o Fam\u00edlia<br \/>\n <\/strong><\/td>\n<td width=\"340\"><strong>Op\u00e7\u00e3o Montanheiro<\/strong><\/td>\n<\/tr>\n<tr>\n<td style=\"text-align: left;\" colspan=\"2\" width=\"680\"><strong>Dia 01 de dezembro (6.\u00aa feira)<\/strong><\/td>\n<\/tr>\n<tr>\n<td style=\"padding-left: 90px;\" colspan=\"2\" width=\"680\">7ho0 &#8211; Sa\u00edda de VN Famalic\u00e3o<\/td>\n<\/tr>\n<tr style=\"padding-left: 90px;\">\n<td style=\"padding-left: 90px;\" colspan=\"2\" width=\"680\">8h30 &#8211; Ponto de encontro \u2013 Esta\u00e7\u00e3o de Servi\u00e7o de Viseu da A25 (km 87)<\/td>\n<\/tr>\n<tr style=\"padding-left: 90px;\">\n<td style=\"padding-left: 90px;\" colspan=\"2\" width=\"680\">10h15 \u2013 Vale do Rossim<\/td>\n<\/tr>\n<tr>\n<td width=\"340\">10h30 \u2013 Pequena caminhada (+\/- 5 km) na zona do Vale do Rossim (C3+)<\/td>\n<td width=\"340\">10h30 \u2013 In\u00edcio do Trilho do Sumo do Mondego (parte; dificuldade m\u00e9dia baixa +\/- 6h)<\/td>\n<\/tr>\n<tr>\n<td width=\"340\">12h00 \u2013 Almo\u00e7o volante<\/td>\n<td width=\"340\">13h00 (+\/- ) \u2013 Almo\u00e7o volante<\/td>\n<\/tr>\n<tr>\n<td width=\"340\">15H30 \u2013 Final da caminhada<\/td>\n<td width=\"340\">16h30 \u2013 Final do Trilho<\/td>\n<\/tr>\n<tr>\n<td style=\"padding-left: 90px;\" colspan=\"2\" width=\"680\">17h00 \u2013 Pousada de Juventude<\/td>\n<\/tr>\n<tr>\n<td style=\"padding-left: 90px;\" colspan=\"2\" width=\"680\">19h00 &#8211; Jantar<\/td>\n<\/tr>\n<tr>\n<td colspan=\"2\" width=\"680\">&nbsp;<\/td>\n<\/tr>\n<tr>\n<td style=\"text-align: left;\" colspan=\"2\" width=\"680\"><strong>Dia 02 de dezembro (s\u00e1bado)<\/strong><\/td>\n<\/tr>\n<tr>\n<td style=\"padding-left: 90px;\" colspan=\"2\" width=\"680\">8h30 &#8211; P.A. Na Pousada de Juventude<\/td>\n<\/tr>\n<tr style=\"padding-left: 90px;\">\n<td style=\"padding-left: 90px;\" colspan=\"2\" width=\"680\">9h20 \u2013 Esta\u00e7\u00e3o do antigo telef\u00e9rico<\/td>\n<\/tr>\n<tr>\n<td width=\"340\">9h30 \u2013 Pequena caminhada (+\/- 5km) na zona da esta\u00e7\u00e3o base do antigo telef\u00e9rico (C3+)<\/td>\n<td width=\"340\">9h30 \u2013 In\u00edcio do Trilho Telef\u00e9rico \u2013 Torre \u2013 Cov\u00e3o de Ferro &#8211; Telef\u00e9rico (dificuldade m\u00e9dia +\/- 6h)<\/td>\n<\/tr>\n<tr>\n<td width=\"340\">12h00 \u2013 Almo\u00e7o volante<\/td>\n<td width=\"340\">13h00 (+\/- ) \u2013 Almo\u00e7o volante<\/td>\n<\/tr>\n<tr>\n<td width=\"340\">14H30 \u2013 Final da caminhada<\/td>\n<td width=\"340\">16h30 \u2013 Final do Trilho<\/td>\n<\/tr>\n<tr>\n<td style=\"padding-left: 90px;\" colspan=\"2\" width=\"680\">17h00 \u2013 Visita ao Centro Comercial da Torre<\/td>\n<\/tr>\n<tr>\n<td style=\"padding-left: 90px;\" colspan=\"2\" width=\"680\">18h30 &#8211; Regresso<\/td>\n<\/tr>\n<\/tbody>\n<\/table>\n<p><em>C3+: caminhada acess\u00edvel a crian\u00e7as de mais de 3 anos<\/em><\/p>\n<p>&nbsp;<\/p>\n<h3>Descri\u00e7\u00e3o da atividade<\/h3>\n<ul>\n<li>Na op\u00e7\u00e3o Montanheiro, trata-se de uma atividade de dificuldade m\u00e9dia, acess\u00edvel a praticantes de pequenas caminhadas.<\/li>\n<li>A op\u00e7\u00e3o Fam\u00edlia est\u00e1 mais vocacionada para fam\u00edlias com crian\u00e7as, acess\u00edvel a todas as idades e condi\u00e7\u00f5es f\u00edsicas.<\/li>\n<li>\u00c9 poss\u00edvel a participa\u00e7\u00e3o intercalada no programa Fam\u00edlia e Montanheiro.<\/li>\n<li>Dado decorrer j\u00e1 no final do Outono assume maior import\u00e2ncia a roupa de agasalho e cal\u00e7ado imperme\u00e1vel.<\/li>\n<li>No caso da presen\u00e7a de neve (tal com aconteceu em v\u00e1rias edi\u00e7\u00f5es anteriores) os percursos podem ser alterados.<\/li>\n<li>O alojamento ser\u00e1 na Pousada de Juventude de Penhas da Sa\u00fade em regime de meia pens\u00e3o. A pousada tem dispon\u00edvel cozinha de alberguista com utens\u00edlios de cozinha, fog\u00e3o e micro-ondas.<\/li>\n<\/ul>\n<p>&nbsp;<\/p>\n<h3>Inscri\u00e7\u00f5es e log\u00edstica<\/h3>\n<ul>\n<li>Indicar nome, data de nascimento e n.\u00ba de BI, se possui transporte, lugares livres (por quest\u00f5es ambientais, de economia e log\u00edstica, tentaremos minimizar o n.\u00ba de autom\u00f3veis) e data, hora e montante do pagamento (atrav\u00e9s de transfer\u00eancia banc\u00e1ria).&nbsp;<\/li>\n<li>email: <a href=\"mailto:montanhismo.vn@gmail.com\">montanhismo.vn@gmail.com<\/a><\/li>\n<li><strong>Inscri\u00e7\u00f5es at\u00e9 ao dia 15 de novembro de 2017.<\/strong><\/li>\n<li>A inscri\u00e7\u00e3o s\u00f3 se considera efetiva ap\u00f3s o pagamento.<\/li>\n<li>S\u00e3o poss\u00edveis inscri\u00e7\u00f5es fora de prazo, mas as vagas n\u00e3o s\u00e3o garantidas.<\/li>\n<li>Inclui: Alojamento e 1\/2 pens\u00e3o na Pousada de Juventude de Penhas da Sa\u00fade<\/li>\n<li>N\u00e3o inclui: Transporte e almo\u00e7os durante a atividade.<\/li>\n<li>O seguro ser\u00e1 v\u00e1lido para todas as atividades da Vento Norte at\u00e9 dezembro de 2017.<\/li>\n<\/ul>\n<p>&nbsp;<\/p>\n<h3>Pre\u00e7os<\/h3>\n<table style=\"height: 270px; width: 589px;\" border=\"1\">\n<tbody>\n<tr>\n<td style=\"width: 291.917px;\" colspan=\"2\">&nbsp;<\/td>\n<td style=\"width: 137.083px; text-align: center;\"><strong>&nbsp;Geral <\/strong><\/td>\n<td style=\"width: 125px; text-align: center;\"><strong>&nbsp;C\/ noite extra <\/strong><\/td>\n<\/tr>\n<tr>\n<td style=\"width: 291.917px;\" colspan=\"2\">&nbsp;<\/td>\n<td style=\"width: 137.083px; text-align: center;\">(2 dias, 1 noite)<\/td>\n<td style=\"width: 125px; text-align: center;\">(3 dias, 2 noites)<\/td>\n<\/tr>\n<tr>\n<td style=\"width: 291.917px;\" colspan=\"2\"><strong>Geral &#8211; Associado<\/strong><\/td>\n<td style=\"width: 137.083px; text-align: right;\"><strong>20,00 \u20ac<\/strong><\/td>\n<td style=\"width: 125px; text-align: right;\"><strong>40,00 \u20ac<\/strong><\/td>\n<\/tr>\n<tr>\n<td style=\"width: 291.917px;\" colspan=\"2\"><strong>Geral &#8211; N\u00e3o Associados<\/strong><\/td>\n<td style=\"width: 137.083px; text-align: right;\"><strong>25,00 \u20ac<\/strong><\/td>\n<td style=\"width: 125px; text-align: right;\"><strong>45,00 \u20ac<\/strong><\/td>\n<\/tr>\n<tr>\n<td style=\"width: 291.917px;\" colspan=\"2\"><strong>Crian\u00e7as e adolescentes at\u00e9 18 anos<\/strong><\/td>\n<td style=\"width: 137.083px; text-align: right;\"><strong>20,00 \u20ac<\/strong><\/td>\n<td style=\"width: 125px; text-align: right;\"><strong>40,00 \u20ac<\/strong><\/td>\n<\/tr>\n<tr>\n<td style=\"width: 291.917px;\" colspan=\"2\"><strong>Quarto duplo (2p.) &#8211; Associado<\/strong><\/td>\n<td style=\"width: 137.083px; text-align: right;\"><strong>60,00 \u20ac<\/strong><\/td>\n<td style=\"width: 125px; text-align: right;\"><strong>120,00 \u20ac<\/strong><\/td>\n<\/tr>\n<tr>\n<td style=\"width: 291.917px;\" colspan=\"2\"><strong>Quarto duplo (2p.) &#8211; N\u00e3o Associado<\/strong><\/td>\n<td style=\"width: 137.083px; text-align: right;\"><strong>70,00 \u20ac<\/strong><\/td>\n<td style=\"width: 125px; text-align: right;\"><strong>130,00 \u20ac<\/strong><\/td>\n<\/tr>\n<tr>\n<td style=\"width: 291.917px;\" colspan=\"2\"><strong>Crian\u00e7as 13+ anos <span style=\"font-size: 10pt;\">em quarto duplo*<\/span> <\/strong><\/td>\n<td style=\"width: 137.083px; text-align: right;\"><strong>20,00 \u20ac<\/strong><\/td>\n<td style=\"width: 125px; text-align: right;\"><strong>40,00 \u20ac<\/strong><\/td>\n<\/tr>\n<tr>\n<td style=\"width: 291.917px;\" colspan=\"2\"><strong>Crian\u00e7as 7 &#8211; 12 anos <span style=\"font-size: 10pt;\">em quarto duplo*<\/span><\/strong><\/td>\n<td style=\"width: 137.083px; text-align: right;\"><strong>13,50 \u20ac<\/strong><\/td>\n<td style=\"width: 125px; text-align: right;\"><strong>27,00 \u20ac<\/strong><\/td>\n<\/tr>\n<tr>\n<td style=\"width: 291.917px;\" colspan=\"2\"><strong>Crian\u00e7as 0 &#8211; 7 anos <span style=\"font-size: 10pt;\">em quarto duplo*<\/span><\/strong><\/td>\n<td style=\"width: 137.083px; text-align: right;\"><strong>7,00 \u20ac<\/strong><\/td>\n<td style=\"width: 125px; text-align: right;\"><strong>14,00 \u20ac<\/strong><\/td>\n<\/tr>\n<tr>\n<td style=\"width: 291.917px;\" colspan=\"2\">Seguro**<\/td>\n<td style=\"width: 137.083px; text-align: right;\">+5,00 \u20ac<\/td>\n<td style=\"width: 125px; text-align: right;\">&nbsp;<\/td>\n<\/tr>\n<\/tbody>\n<\/table>\n<p><em>* S\u00f3 pagam alimenta\u00e7\u00e3o; h\u00e1 algumas camas extra, caso n\u00e3o estejam dispon\u00edveis os pais devem levar cama de viagem; os quartos duplos do ed. principal n\u00e3o permitem camas extra.<\/em><\/p>\n<p><em>** Obrigat\u00f3rio, exceto para participantes que tenham seguro de acidentes pessoais que cubra montanhismo, que j\u00e1 tenham feito o seguro da Vento Norte para outra atividade ou que sejam praticantes federados.<\/em><\/p>\n<p>&nbsp;<\/p>\n<h3>Equipamento indispens\u00e1vel<\/h3>\n<ul>\n<li>Botas de montanhismo, de prefer\u00eancia imperme\u00e1veis<\/li>\n<li>Casaco imperme\u00e1vel<\/li>\n<li>Roupa desportiva e confort\u00e1vel<\/li>\n<li>Correntes de neve para o carro s\u00e3o sempre \u00fateis e poder\u00e3o tornar-se obrigat\u00f3rias se as condi\u00e7\u00f5es climat\u00e9ricas o exigirem.<\/li>\n<\/ul>\n<p>&nbsp;<\/p>\n<p>&nbsp;<\/p>\n<p>.<\/p>\n","protected":false},"excerpt":{"rendered":"<p>Serra da Estrela<br \/>\n&nbsp;01 a 02 dezembro 2017 &nbsp;&nbsp;&nbsp;&nbsp;&nbsp;&nbsp;&nbsp;&nbsp;<br \/>\nO Parque Natural da Serra da Estrela (PNSE) fica no centro interior de Portugal essencialmente no distrito da Guarda (85%) e tamb\u00e9m no distrito de Castelo Branco (15%). Marcado por maci\u00e7os rochosos de granito, xisto e xistograuvaquicos e vest\u00edgios de antigos glaciares, a elevada altitude e localiza\u00e7\u00e3o do parque natural tornam-no um dos locais de Portugal continental com maior ocorr\u00eancia de chuva, neve, granizo e orvalho.<br \/>\nA import\u00e2ncia desta \u00e1rea faz com que seja Reserva Biogen\u00e9tica. Em 2000, foi designada uma \u00e1rea de 88 &#8230;<\/p>\n","protected":false},"author":1,"featured_media":3266,"comment_status":"open","ping_status":"open","sticky":false,"template":"","format":"standard","meta":{"ngg_post_thumbnail":0,"footnotes":""},"categories":[11],"tags":[],"class_list":["post-3265","post","type-post","status-publish","format-standard","has-post-thumbnail","hentry","category-montanhismo"],"_links":{"self":[{"href":"https:\/\/www.ventonorte.com\/index.php?rest_route=\/wp\/v2\/posts\/3265","targetHints":{"allow":["GET"]}}],"collection":[{"href":"https:\/\/www.ventonorte.com\/index.php?rest_route=\/wp\/v2\/posts"}],"about":[{"href":"https:\/\/www.ventonorte.com\/index.php?rest_route=\/wp\/v2\/types\/post"}],"author":[{"embeddable":true,"href":"https:\/\/www.ventonorte.com\/index.php?rest_route=\/wp\/v2\/users\/1"}],"replies":[{"embeddable":true,"href":"https:\/\/www.ventonorte.com\/index.php?rest_route=%2Fwp%2Fv2%2Fcomments&post=3265"}],"version-history":[{"count":7,"href":"https:\/\/www.ventonorte.com\/index.php?rest_route=\/wp\/v2\/posts\/3265\/revisions"}],"predecessor-version":[{"id":3536,"href":"https:\/\/www.ventonorte.com\/index.php?rest_route=\/wp\/v2\/posts\/3265\/revisions\/3536"}],"wp:featuredmedia":[{"embeddable":true,"href":"https:\/\/www.ventonorte.com\/index.php?rest_route=\/wp\/v2\/media\/3266"}],"wp:attachment":[{"href":"https:\/\/www.ventonorte.com\/index.php?rest_route=%2Fwp%2Fv2%2Fmedia&parent=3265"}],"wp:term":[{"taxonomy":"category","embeddable":true,"href":"https:\/\/www.ventonorte.com\/index.php?rest_route=%2Fwp%2Fv2%2Fcategories&post=3265"},{"taxonomy":"post_tag","embeddable":true,"href":"https:\/\/www.ventonorte.com\/index.php?rest_route=%2Fwp%2Fv2%2Ftags&post=3265"}],"curies":[{"name":"wp","href":"https:\/\/api.w.org\/{rel}","templated":true}]}}