{"id":3287,"date":"2018-01-29T16:30:35","date_gmt":"2018-01-29T16:30:35","guid":{"rendered":"http:\/\/www.ventonorte.com\/?p=3287"},"modified":"2018-02-20T11:53:16","modified_gmt":"2018-02-20T11:53:16","slug":"caminhada-para-todos-18-02-2018-vieira-do-minho","status":"publish","type":"post","link":"https:\/\/www.ventonorte.com\/?p=3287","title":{"rendered":"\u201cCaminhada para Todos&#8221; [18\/02\/2018] &#8211; Vieira do Minho"},"content":{"rendered":"<p><img loading=\"lazy\" decoding=\"async\" class=\"aligncenter wp-image-3288\" src=\"http:\/\/www.ventonorte.com\/wp-content\/uploads\/Campos-VieiraDoMinho-1024x575.jpg\" alt=\"\" width=\"550\" height=\"309\" srcset=\"https:\/\/www.ventonorte.com\/wp-content\/uploads\/Campos-VieiraDoMinho-1024x575.jpg 1024w, https:\/\/www.ventonorte.com\/wp-content\/uploads\/Campos-VieiraDoMinho-150x84.jpg 150w, https:\/\/www.ventonorte.com\/wp-content\/uploads\/Campos-VieiraDoMinho-300x169.jpg 300w, https:\/\/www.ventonorte.com\/wp-content\/uploads\/Campos-VieiraDoMinho-768x432.jpg 768w\" sizes=\"auto, (max-width: 550px) 100vw, 550px\" \/><\/p>\n<h1 style=\"text-align: center;\">\u201cCaminhada para Todos&#8221;<\/h1>\n<h2 style=\"text-align: center;\">Percurso Pedestre de Campos \u2013 Vieira do Minho<\/h2>\n<h3 style=\"text-align: center;\">18-02-2018 (domingo)<\/h3>\n<p>Na sua parte inicial, o percurso enquadra-se em meio rural, atravessando fartos lameiros. Segue-se posteriormente uma paisagem de transi\u00e7\u00e3o entre o espa\u00e7o rural e a serra. De referir a beleza do Rio da Lage com os seus moinhos e a sua ponte. De seguida vem a serra com a sua riqueza, com o seu polimorfismo, com a sua peculiar paleta de cores, com a sua luz\u2026 Se tiver sorte, poder\u00e1 ainda observar alguns animais de que a cabreira \u00e9 t\u00e3o rica. Entre as esp\u00e9cies que habitualmente se podem encontrar nesta \u00e1rea, \u00e9 de referir o coelho (Oryctolagus cuniculus), a perdiz vermelha (Alectoriz rufa), o javali (Sus scrofa), diversos passariformes e eventualmente algumas aves de rapina. De referir ainda que ser\u00e1 poss\u00edvel ao visitante passar junto ao top\u00f3nimo Quebrada, onde ainda hoje est\u00e3o bem presentes as marcas da explora\u00e7\u00e3o do volfr\u00e2mio que outrora se praticou.<\/p>\n<p style=\"text-align: right;\"><span style=\"font-size: 10pt;\"><em>(in <a href=\"https:\/\/www.cm-vminho.pt\/9294\">https:\/\/www.cm-vminho.pt\/9294<\/a>)<\/em><\/span><\/p>\n<p>\n<strong> Ficha T\u00e9cnica:<\/strong><\/p>\n<ul>\n<li>Extens\u00e3o aproximada: 13,5 km<\/li>\n<li>Dura\u00e7\u00e3o aproximada: 4h00 horas.<\/li>\n<li>Grau de dificuldade: m\u00e9dio.<\/li>\n<li>Ponto de partida\/chegada: Entrada da aldeia de Campos, junto ao caf\u00e9.<\/li>\n<li>Tipo de percurso: pequena rota, circular, de interesse ambiental e paisag\u00edstico.<\/li>\n<\/ul>\n<p>&nbsp;<\/p>\n<h3>Programa<\/h3>\n<ul>\n<li>08h45 \u2013 Ponto de encontro I: Cerdeirinhas (um pouco antes da rotunda).<\/li>\n<li>09h30 \u2013 Ponto de encontro II e In\u00edcio do percurso: Caf\u00e9 situado \u00e0 entrada da aldeia de Campos.<\/li>\n<li>14h00 &#8211; Fim do percurso.<\/li>\n<\/ul>\n<h3>Equipamento<\/h3>\n<ul>\n<li>Aconselha-se o uso de botas de montanhismo e roupa confort\u00e1vel<\/li>\n<li>Mochila<\/li>\n<\/ul>\n<h3>Alimenta\u00e7\u00e3o<\/h3>\n<ul>\n<li>A alimenta\u00e7\u00e3o ser\u00e1 volante e fica a cargo de cada participante.<\/li>\n<li>\u00c9 aconselh\u00e1vel 1 a 1,5 L de \u00e1gua<\/li>\n<\/ul>\n<h3>Inscri\u00e7\u00f5es<\/h3>\n<ul>\n<li>Custo: gratuito para s\u00f3cios; 3 \u20ac para n\u00e3o s\u00f3cios.<\/li>\n<li>Seguro: \u00e9 obrigat\u00f3rio possuir seguro para participar na atividade. O seguro anual da Vento Norte tem o valor de 5 \u20ac, sendo v\u00e1lido para todas as caminhadas realizadas at\u00e9 31-12-2018.<\/li>\n<li>Contactos\/esclarecimentos: montanhismo.vn@gmail.com ou geral@ventonorte.com ou telem\u00f3vel n.\u00ba 965 648 065 (Pedro Cerqueira).<\/li>\n<li>Inscreva-se aqui: <a href=\"https:\/\/docs.google.com\/forms\/d\/e\/1FAIpQLSeHyjvbXDt51D8a3IMaHAvPJm-q3AFpbYLeMFn_LemVknE6BQ\/formResponse\">https:\/\/docs.google.com\/forms\/d\/e\/1FAIpQLSeHyjvbXDt51D8a3IMaHAvPJm-q3AFpbYLeMFn_LemVknE6BQ\/formResponse<\/a><\/li>\n<\/ul>\n<h3>Transporte<\/h3>\n<ul>\n<li>O Transporte fica a cargo dos participantes, havendo possibilidade de partilhar carro. Caso esteja interessado, por favor envie email.<\/li>\n<\/ul>\n<h3>Como chegar<\/h3>\n<ul>\n<li>Desde Braga (53 km; 1h00):\n<ul>\n<li>Seguir em dire\u00e7\u00e3o a Vieira do Minho\/Montalegre\/Chaves.<\/li>\n<li>A seguir \u00e0s Cerdeirinhas, manter na EN 103 por mais uns 30 km.<\/li>\n<li>Depois da indica\u00e7\u00e3o para Campos \u00e0 direita, percorrer mais uns 3 km at\u00e9 \u00e0 aldeia.<\/li>\n<\/ul>\n<\/li>\n<\/ul>\n<p>&nbsp;<\/p>\n<p>&nbsp;<\/p>\n","protected":false},"excerpt":{"rendered":"<p>\u201cCaminhada para Todos&#8221;<br \/>\nPercurso Pedestre de Campos \u2013 Vieira do Minho<br \/>\n18-02-2018 (domingo)<br \/>\nNa sua parte inicial, o percurso enquadra-se em meio rural, atravessando fartos lameiros. Segue-se posteriormente uma paisagem de transi\u00e7\u00e3o entre o espa\u00e7o rural e a serra. De referir a beleza do Rio da Lage com os seus moinhos e a sua ponte. De seguida vem a serra com a sua riqueza, com o seu polimorfismo, com a sua peculiar paleta de cores, com a sua luz\u2026 Se tiver sorte, poder\u00e1 ainda observar alguns animais de que a cabreira \u00e9 t\u00e3o &#8230;<\/p>\n","protected":false},"author":1,"featured_media":3288,"comment_status":"open","ping_status":"open","sticky":false,"template":"","format":"standard","meta":{"ngg_post_thumbnail":0,"footnotes":""},"categories":[11],"tags":[],"class_list":["post-3287","post","type-post","status-publish","format-standard","has-post-thumbnail","hentry","category-montanhismo"],"_links":{"self":[{"href":"https:\/\/www.ventonorte.com\/index.php?rest_route=\/wp\/v2\/posts\/3287","targetHints":{"allow":["GET"]}}],"collection":[{"href":"https:\/\/www.ventonorte.com\/index.php?rest_route=\/wp\/v2\/posts"}],"about":[{"href":"https:\/\/www.ventonorte.com\/index.php?rest_route=\/wp\/v2\/types\/post"}],"author":[{"embeddable":true,"href":"https:\/\/www.ventonorte.com\/index.php?rest_route=\/wp\/v2\/users\/1"}],"replies":[{"embeddable":true,"href":"https:\/\/www.ventonorte.com\/index.php?rest_route=%2Fwp%2Fv2%2Fcomments&post=3287"}],"version-history":[{"count":4,"href":"https:\/\/www.ventonorte.com\/index.php?rest_route=\/wp\/v2\/posts\/3287\/revisions"}],"predecessor-version":[{"id":3292,"href":"https:\/\/www.ventonorte.com\/index.php?rest_route=\/wp\/v2\/posts\/3287\/revisions\/3292"}],"wp:featuredmedia":[{"embeddable":true,"href":"https:\/\/www.ventonorte.com\/index.php?rest_route=\/wp\/v2\/media\/3288"}],"wp:attachment":[{"href":"https:\/\/www.ventonorte.com\/index.php?rest_route=%2Fwp%2Fv2%2Fmedia&parent=3287"}],"wp:term":[{"taxonomy":"category","embeddable":true,"href":"https:\/\/www.ventonorte.com\/index.php?rest_route=%2Fwp%2Fv2%2Fcategories&post=3287"},{"taxonomy":"post_tag","embeddable":true,"href":"https:\/\/www.ventonorte.com\/index.php?rest_route=%2Fwp%2Fv2%2Ftags&post=3287"}],"curies":[{"name":"wp","href":"https:\/\/api.w.org\/{rel}","templated":true}]}}