{"id":3299,"date":"2018-01-31T09:42:09","date_gmt":"2018-01-31T09:42:09","guid":{"rendered":"http:\/\/www.ventonorte.com\/?p=3299"},"modified":"2018-03-07T10:23:17","modified_gmt":"2018-03-07T10:23:17","slug":"conhecer-o-lixo-24-02-2018-riba-de-ave","status":"publish","type":"post","link":"https:\/\/www.ventonorte.com\/?p=3299","title":{"rendered":"Conhecer o lixo! [24\/02\/2018] \u2013 Riba de Ave"},"content":{"rendered":"<h1><img loading=\"lazy\" decoding=\"async\" class=\"aligncenter wp-image-3300\" src=\"http:\/\/www.ventonorte.com\/wp-content\/uploads\/residuos.png\" alt=\"\" width=\"550\" height=\"402\" srcset=\"https:\/\/www.ventonorte.com\/wp-content\/uploads\/residuos.png 704w, https:\/\/www.ventonorte.com\/wp-content\/uploads\/residuos-150x110.png 150w, https:\/\/www.ventonorte.com\/wp-content\/uploads\/residuos-300x219.png 300w\" sizes=\"auto, (max-width: 550px) 100vw, 550px\" \/><\/h1>\n<h1 style=\"text-align: center;\">Conhecer o lixo!<\/h1>\n<h2 style=\"text-align: center;\">Riba de Ave<\/h2>\n<h3 style=\"text-align: center;\">24 Fevereiro 2018<\/h3>\n<p>&nbsp;<\/p>\n<h3>Programa<\/h3>\n<ul>\n<li>09h45 \u2013 Ponto de encontro em frente \u00e0 Resinorte (Quinta do Mato, 4765-901 Riba de Ave)<\/li>\n<li>10h00 \u2013 Palestra, visita \u00e0 esta\u00e7\u00e3o de triagem de res\u00edduos valoriz\u00e1veis e ao tratamento mec\u00e2nico e biol\u00f3gico dos res\u00edduos indiferenciados<\/li>\n<li>12h30 \u2013 Fim da atividade<\/li>\n<\/ul>\n<p>Todas as inscri\u00e7oes e d\u00favidas devem ser enviadas para o mail <a href=\"mailto:anapumpkin@hotmail.com\">anapumpkin@hotmail.com<\/a> (Ana Costa). As inscri\u00e7oes &nbsp;gratuitas e dever\u00e3o ser efectuadas em: <a href=\"https:\/\/docs.google.com\/forms\/d\/e\/1FAIpQLSeHyjvbXDt51D8a3IMaHAvPJm-q3AFpbYLeMFn_LemVknE6BQ\/formResponse\">https:\/\/docs.google.com\/forms\/d\/e\/1FAIpQLSeHyjvbXDt51D8a3IMaHAvPJm-q3AFpbYLeMFn_LemVknE6BQ\/formResponse<\/a><\/p>\n<p>&nbsp;<\/p>\n","protected":false},"excerpt":{"rendered":"<p>Conhecer o lixo!<br \/>\nRiba de Ave<br \/>\n24 Fevereiro 2018<br \/>\n&nbsp;<br \/>\nPrograma<\/p>\n<p>09h45 \u2013 Ponto de encontro em frente \u00e0 Resinorte (Quinta do Mato, 4765-901 Riba de Ave)<br \/>\n10h00 \u2013 Palestra, visita \u00e0 esta\u00e7\u00e3o de triagem de res\u00edduos valoriz\u00e1veis e ao tratamento mec\u00e2nico e biol\u00f3gico dos res\u00edduos indiferenciados<br \/>\n12h30 \u2013 Fim da atividade<\/p>\n<p>Todas as inscri\u00e7oes e d\u00favidas devem ser enviadas para o mail anapumpkin@hotmail.com (Ana Costa). As inscri\u00e7oes &nbsp;gratuitas e dever\u00e3o ser efectuadas em: https:\/\/docs.google.com\/forms\/d\/e\/1FAIpQLSeHyjvbXDt51D8a3IMaHAvPJm-q3AFpbYLeMFn_LemVknE6BQ\/formResponse<br \/>\n&nbsp;<\/p>\n","protected":false},"author":1,"featured_media":3300,"comment_status":"open","ping_status":"open","sticky":false,"template":"","format":"standard","meta":{"ngg_post_thumbnail":0,"footnotes":""},"categories":[4],"tags":[],"class_list":["post-3299","post","type-post","status-publish","format-standard","has-post-thumbnail","hentry","category-educambiental"],"_links":{"self":[{"href":"https:\/\/www.ventonorte.com\/index.php?rest_route=\/wp\/v2\/posts\/3299","targetHints":{"allow":["GET"]}}],"collection":[{"href":"https:\/\/www.ventonorte.com\/index.php?rest_route=\/wp\/v2\/posts"}],"about":[{"href":"https:\/\/www.ventonorte.com\/index.php?rest_route=\/wp\/v2\/types\/post"}],"author":[{"embeddable":true,"href":"https:\/\/www.ventonorte.com\/index.php?rest_route=\/wp\/v2\/users\/1"}],"replies":[{"embeddable":true,"href":"https:\/\/www.ventonorte.com\/index.php?rest_route=%2Fwp%2Fv2%2Fcomments&post=3299"}],"version-history":[{"count":3,"href":"https:\/\/www.ventonorte.com\/index.php?rest_route=\/wp\/v2\/posts\/3299\/revisions"}],"predecessor-version":[{"id":3535,"href":"https:\/\/www.ventonorte.com\/index.php?rest_route=\/wp\/v2\/posts\/3299\/revisions\/3535"}],"wp:featuredmedia":[{"embeddable":true,"href":"https:\/\/www.ventonorte.com\/index.php?rest_route=\/wp\/v2\/media\/3300"}],"wp:attachment":[{"href":"https:\/\/www.ventonorte.com\/index.php?rest_route=%2Fwp%2Fv2%2Fmedia&parent=3299"}],"wp:term":[{"taxonomy":"category","embeddable":true,"href":"https:\/\/www.ventonorte.com\/index.php?rest_route=%2Fwp%2Fv2%2Fcategories&post=3299"},{"taxonomy":"post_tag","embeddable":true,"href":"https:\/\/www.ventonorte.com\/index.php?rest_route=%2Fwp%2Fv2%2Ftags&post=3299"}],"curies":[{"name":"wp","href":"https:\/\/api.w.org\/{rel}","templated":true}]}}