{"id":3311,"date":"2018-02-09T17:00:24","date_gmt":"2018-02-09T17:00:24","guid":{"rendered":"http:\/\/www.ventonorte.com\/?p=3311"},"modified":"2018-02-09T17:00:24","modified_gmt":"2018-02-09T17:00:24","slug":"24-fev-2018-assembleia-geral-vento-norte","status":"publish","type":"post","link":"https:\/\/www.ventonorte.com\/?p=3311","title":{"rendered":"24 Fev. 2018 &#8211; Assembleia Geral Vento Norte"},"content":{"rendered":"<h1 style=\"text-align: center;\"><img loading=\"lazy\" decoding=\"async\" class=\"aligncenter size-full wp-image-421\" src=\"http:\/\/www.ventonorte.com\/wp-content\/uploads\/VN-reuni\u00e3o_s.jpg\" alt=\"VN-reuni\u00e3o\" width=\"561\" height=\"411\" srcset=\"https:\/\/www.ventonorte.com\/wp-content\/uploads\/VN-reuni\u00e3o_s.jpg 561w, https:\/\/www.ventonorte.com\/wp-content\/uploads\/VN-reuni\u00e3o_s-150x109.jpg 150w, https:\/\/www.ventonorte.com\/wp-content\/uploads\/VN-reuni\u00e3o_s-300x219.jpg 300w\" sizes=\"auto, (max-width: 561px) 100vw, 561px\" \/>Assembleia Geral<\/h1>\n<h2 style=\"text-align: center;\">Convocat\u00f3ria<\/h2>\n<h3 style=\"text-align: center;\">24 de fevereiro de 2018 &#8211; 15h00<\/h3>\n<p>&nbsp;<\/p>\n<p>&nbsp; Caro Associado, &nbsp; Usando da compet\u00eancia que me confere o Art. 23\u00ba do Regulamento Geral Interno da Associa\u00e7\u00e3o Vento Norte, convoco todos os associados para tomar parte na Assembleia Geral Ordin\u00e1ria que se realiza na sexta-feira, dia 24 de fevereiro de 2018, pelas 15h00, na sede da associa\u00e7\u00e3o Vento Norte, Rua da Esta\u00e7\u00e3o, 242 (junto \u00e0 esta\u00e7\u00e3o de comboios), Vila Nova de Famalic\u00e3o, com a seguinte ordem de trabalhos:&nbsp;<\/p>\n<ol>\n<li>Vota\u00e7\u00e3o da ata da assembleia anterior;<\/li>\n<li>Apresenta\u00e7\u00e3o e vota\u00e7\u00e3o do relat\u00f3rio e contas da dire\u00e7\u00e3o, relativos ao ano de 2017;<\/li>\n<li>Aprecia\u00e7\u00e3o das atividades de 2017 e apresenta\u00e7\u00e3o das atividades para 2018;<\/li>\n<li>Vota\u00e7\u00e3o do plano de atividades para 2018;<\/li>\n<li>Outros assuntos.<\/li>\n<\/ol>\n<p>&nbsp; Se \u00e0 hora marcada n\u00e3o estiverem presentes mais de metade dos associados, a assembleia ter\u00e1 o seu in\u00edcio efetivo trinta minutos ap\u00f3s a hora prevista, com os associados presentes no local. &nbsp;<\/p>\n<p>V. N. de Famalic\u00e3o, 09 de fevereiro de 2018<br \/>\n Lu\u00eds Salgado <br \/>\n (Presidente da Mesa da Assembleia Geral)<\/p>\n<p>&nbsp;<\/p>\n<p>Para efeitos de aprecia\u00e7\u00e3o, a ata da assembleia geral de 2017 pode ser consultada aqui: <a href=\"http:\/\/www.ventonorte.com\/ficheiros\/2017-AtaAssembleia.pdf\" target=\"_blank\" rel=\"noopener\">Ata de 2017<\/a><\/p>\n<p>&nbsp;<\/p>\n<p><strong>Mapa para o local da Assembleia:<\/strong><\/p>\n<p><iframe loading=\"lazy\" style=\"border: 0;\" src=\"https:\/\/www.google.com\/maps\/embed?pb=!1m21!1m12!1m3!1d2620.0409929899142!2d-8.529599164390197!3d41.4068800731784!2m3!1f0!2f0!3f0!3m2!1i1024!2i768!4f13.1!4m6!3e6!4m0!4m3!3m2!1d41.4067308!2d-8.5287141!5e1!3m2!1spt-PT!2spt!4v1455293835552\" allowfullscreen=\"allowfullscreen\" width=\"600\" height=\"450\" frameborder=\"0\"><\/iframe><\/p>\n<p>&nbsp;<\/p>\n","protected":false},"excerpt":{"rendered":"<p>Assembleia Geral<br \/>\nConvocat\u00f3ria<br \/>\n24 de fevereiro de 2018 &#8211; 15h00<br \/>\n&nbsp;<br \/>\n&nbsp; Caro Associado, &nbsp; Usando da compet\u00eancia que me confere o Art. 23\u00ba do Regulamento Geral Interno da Associa\u00e7\u00e3o Vento Norte, convoco todos os associados para tomar parte na Assembleia Geral Ordin\u00e1ria que se realiza na sexta-feira, dia 24 de fevereiro de 2018, pelas 15h00, na sede da associa\u00e7\u00e3o Vento Norte, Rua da Esta\u00e7\u00e3o, 242 (junto \u00e0 esta\u00e7\u00e3o de comboios), Vila Nova de Famalic\u00e3o, com a seguinte ordem de trabalhos:&nbsp;<\/p>\n<p>Vota\u00e7\u00e3o da ata da assembleia anterior;<br \/>\nApresenta\u00e7\u00e3o e vota\u00e7\u00e3o do relat\u00f3rio e contas da dire\u00e7\u00e3o, &#8230;<\/p>\n","protected":false},"author":1,"featured_media":421,"comment_status":"open","ping_status":"open","sticky":false,"template":"","format":"standard","meta":{"ngg_post_thumbnail":0,"footnotes":""},"categories":[12],"tags":[],"class_list":["post-3311","post","type-post","status-publish","format-standard","has-post-thumbnail","hentry","category-geral"],"_links":{"self":[{"href":"https:\/\/www.ventonorte.com\/index.php?rest_route=\/wp\/v2\/posts\/3311","targetHints":{"allow":["GET"]}}],"collection":[{"href":"https:\/\/www.ventonorte.com\/index.php?rest_route=\/wp\/v2\/posts"}],"about":[{"href":"https:\/\/www.ventonorte.com\/index.php?rest_route=\/wp\/v2\/types\/post"}],"author":[{"embeddable":true,"href":"https:\/\/www.ventonorte.com\/index.php?rest_route=\/wp\/v2\/users\/1"}],"replies":[{"embeddable":true,"href":"https:\/\/www.ventonorte.com\/index.php?rest_route=%2Fwp%2Fv2%2Fcomments&post=3311"}],"version-history":[{"count":2,"href":"https:\/\/www.ventonorte.com\/index.php?rest_route=\/wp\/v2\/posts\/3311\/revisions"}],"predecessor-version":[{"id":3706,"href":"https:\/\/www.ventonorte.com\/index.php?rest_route=\/wp\/v2\/posts\/3311\/revisions\/3706"}],"wp:featuredmedia":[{"embeddable":true,"href":"https:\/\/www.ventonorte.com\/index.php?rest_route=\/wp\/v2\/media\/421"}],"wp:attachment":[{"href":"https:\/\/www.ventonorte.com\/index.php?rest_route=%2Fwp%2Fv2%2Fmedia&parent=3311"}],"wp:term":[{"taxonomy":"category","embeddable":true,"href":"https:\/\/www.ventonorte.com\/index.php?rest_route=%2Fwp%2Fv2%2Fcategories&post=3311"},{"taxonomy":"post_tag","embeddable":true,"href":"https:\/\/www.ventonorte.com\/index.php?rest_route=%2Fwp%2Fv2%2Ftags&post=3311"}],"curies":[{"name":"wp","href":"https:\/\/api.w.org\/{rel}","templated":true}]}}