{"id":3318,"date":"2018-03-07T10:22:46","date_gmt":"2018-03-07T10:22:46","guid":{"rendered":"http:\/\/www.ventonorte.com\/?p=3318"},"modified":"2018-03-28T11:56:44","modified_gmt":"2018-03-28T11:56:44","slug":"caminhada-para-todos-18-03-2018-sistelo","status":"publish","type":"post","link":"https:\/\/www.ventonorte.com\/?p=3318","title":{"rendered":"\u201cCaminhada para Todos&#8221; [18\/03\/2018] &#8211; Sistelo"},"content":{"rendered":"<p><img loading=\"lazy\" decoding=\"async\" class=\"aligncenter wp-image-3319\" src=\"http:\/\/www.ventonorte.com\/wp-content\/uploads\/Sistelo-1024x683.jpg\" alt=\"\" width=\"551\" height=\"367\" srcset=\"https:\/\/www.ventonorte.com\/wp-content\/uploads\/Sistelo-1024x683.jpg 1024w, https:\/\/www.ventonorte.com\/wp-content\/uploads\/Sistelo-150x100.jpg 150w, https:\/\/www.ventonorte.com\/wp-content\/uploads\/Sistelo-300x200.jpg 300w, https:\/\/www.ventonorte.com\/wp-content\/uploads\/Sistelo-768x512.jpg 768w\" sizes=\"auto, (max-width: 551px) 100vw, 551px\" \/><\/p>\n<h1 style=\"text-align: center;\">\u201cCaminhada para Todos&#8221;<\/h1>\n<h2 style=\"text-align: center;\">Trilho das Brandas de Sistelo \u2013 Arcos de Valdevez<\/h2>\n<h3 style=\"text-align: center;\">18-03-2018 (domingo)<\/h3>\n<p>&nbsp;<\/p>\n<p>A aldeia de Sistelo foi recentemente eleita umas das \u201c7 Maravilhas de Portugal\u201d, na categoria&nbsp;Aldeia Rural. A povoa\u00e7\u00e3o situa-se a 20 km da sede do concelho (Arcos de Valdevez), sendo rodeada por campos agr\u00edcolas em forma de socalcos, que servem de pasto ao gado e onde se cultiva o milho. Junto \u00e0 povoa\u00e7\u00e3o passa o rio Vez e dois dos seus principais afluentes, os rios Cou\u00e7o e Outeiro.<\/p>\n<p>O Trilho das Brandas de Sistelo, percurso pedestre de pequena rota (PR), marcado e sinalizado segundo as normas internacionais, localiza-se nas fraldas da Serra da Peneda, mais precisamente na aldeia de montanha de Sistelo.<\/p>\n<p>A caminhada tem in\u00edcio junto ao vulgarmente designado Castelo de Sistelo, resid\u00eancia do 1\u00ba e \u00fanico Visconde de Sistelo, comerciante local que fez fortuna no Brasil.<\/p>\n<p>Iremos percorrer o casario r\u00fastico da aldeia, subindo por caminhos rurais at\u00e9 \u00e0 branda do Rio Covo, passando pela Ch\u00e3 da Armada, branda do Alhal. Passaremos pela pequena e caracter\u00edstica povoa\u00e7\u00e3o de Padr\u00e3o na aproxima\u00e7\u00e3o ao ponto de partida, na aldeia de Sistelo.<\/p>\n<p>&nbsp;<\/p>\n<h3><strong>Ficha T\u00e9cnica:<\/strong><\/h3>\n<ul>\n<li>Extens\u00e3o aproximada: 9,0 km<\/li>\n<li>Dura\u00e7\u00e3o aproximada: 4h30 horas.<\/li>\n<li>Grau de dificuldade: m\u00e9dio.<\/li>\n<li>Ponto de partida\/chegada: \u201cCastelo de Sistelo\u201d.<\/li>\n<li>Tipo de percurso: pequena rota, circular, de interesse ambiental e paisag\u00edstico. <\/li>\n<\/ul>\n<p>Brochura do percurso: <a href=\"http:\/\/trilhos.arcosdevaldevez.pt\/activities\/trilho-das-brandas-de-sistelo\/\">http:\/\/trilhos.arcosdevaldevez.pt\/activities\/trilho-das-brandas-de-sistelo\/<\/a><\/p>\n<p>&nbsp;<\/p>\n<h3>Programa<\/h3>\n<ul>\n<li>08h45 \u2013 Ponto de encontro I: Parque de estacionamento do Pingo Doce, em Arcos de Valdevez.<\/li>\n<li>09h30 \u2013 Ponto de encontro II e In\u00edcio do percurso: Largo do Visconde do Rio Vez, Sistelo.<\/li>\n<li>14h00 &#8211; Fim do percurso.<\/li>\n<\/ul>\n<p>&nbsp;<\/p>\n<h3>Equipamento<\/h3>\n<ul>\n<li>Aconselha-se o uso de botas de montanhismo e roupa confort\u00e1vel<\/li>\n<li>Mochila<\/li>\n<\/ul>\n<p>&nbsp;<\/p>\n<h3>Alimenta\u00e7\u00e3o<\/h3>\n<ul>\n<li>A alimenta\u00e7\u00e3o ser\u00e1 volante e fica a cargo de cada participante.<\/li>\n<li>\u00c9 aconselh\u00e1vel 1 a 1,5 L de \u00e1gua<\/li>\n<\/ul>\n<p>&nbsp;<\/p>\n<h3>Inscri\u00e7\u00f5es<\/h3>\n<ul>\n<li>Custo: gratuito para s\u00f3cios; 3 \u20ac para n\u00e3o s\u00f3cios.<\/li>\n<li>Seguro: \u00e9 obrigat\u00f3rio possuir seguro para participar na atividade. O seguro anual da Vento Norte tem o valor de 5 \u20ac, sendo v\u00e1lido para todas as caminhadas realizadas at\u00e9 31-12-2018.<\/li>\n<li>Contactos\/esclarecimentos: montanhismo.vn@gmail.com ou geral@ventonorte.com ou telem\u00f3vel n.\u00ba 965 648 065 (Pedro Cerqueira).<\/li>\n<\/ul>\n<p>Inscreva-se aqui:&nbsp;<a href=\"https:\/\/docs.google.com\/forms\/d\/e\/1FAIpQLSeHyjvbXDt51D8a3IMaHAvPJm-q3AFpbYLeMFn_LemVknE6BQ\/formResponse\">https:\/\/docs.google.com\/forms\/d\/e\/1FAIpQLSeHyjvbXDt51D8a3IMaHAvPJm-q3AFpbYLeMFn_LemVknE6BQ\/formResponse<\/a><\/p>\n<p>&nbsp;<\/p>\n<h3>Transporte<\/h3>\n<ul>\n<li>O Transporte fica a cargo dos participantes, havendo possibilidade de partilhar carro. Caso esteja interessado, por favor envie email.<\/li>\n<\/ul>\n<p><strong>COMO CHEGAR<\/strong><\/p>\n<p>Desde Braga (70 km; 1h15).<\/p>\n<ul>\n<li>Seguir em dire\u00e7\u00e3o a Ponte da Barca\/Arcos de Valdevez, pela EN 101. Em alternativa, utilizar a A3 at\u00e9 Ponte de Lima e depois seguir pelo IC28 at\u00e9 Arcos de Valdevez. Os supermercados situam-se um pouco depois da sa\u00edda do IC28 e antes da vila de Arcos de Valdevez.<\/li>\n<li>Seguir pela EN 101 em dire\u00e7\u00e3o a Mon\u00e7\u00e3o.<\/li>\n<li>Em Cho\u00e7as, numa curva apertada \u00e0 direita, tomar a estrada para Sistelo (fica a 20 km de Arcos de Valdevez).<\/li>\n<\/ul>\n<p>&nbsp;<\/p>\n<p>&nbsp;<\/p>\n","protected":false},"excerpt":{"rendered":"<p>\u201cCaminhada para Todos&#8221;<br \/>\nTrilho das Brandas de Sistelo \u2013 Arcos de Valdevez<br \/>\n18-03-2018 (domingo)<br \/>\n&nbsp;<br \/>\nA aldeia de Sistelo foi recentemente eleita umas das \u201c7 Maravilhas de Portugal\u201d, na categoria&nbsp;Aldeia Rural. A povoa\u00e7\u00e3o situa-se a 20 km da sede do concelho (Arcos de Valdevez), sendo rodeada por campos agr\u00edcolas em forma de socalcos, que servem de pasto ao gado e onde se cultiva o milho. Junto \u00e0 povoa\u00e7\u00e3o passa o rio Vez e dois dos seus principais afluentes, os rios Cou\u00e7o e Outeiro.<br \/>\nO Trilho das Brandas de Sistelo, percurso pedestre de pequena rota (PR), &#8230;<\/p>\n","protected":false},"author":1,"featured_media":3319,"comment_status":"open","ping_status":"open","sticky":false,"template":"","format":"standard","meta":{"ngg_post_thumbnail":0,"footnotes":""},"categories":[11],"tags":[],"class_list":["post-3318","post","type-post","status-publish","format-standard","has-post-thumbnail","hentry","category-montanhismo"],"_links":{"self":[{"href":"https:\/\/www.ventonorte.com\/index.php?rest_route=\/wp\/v2\/posts\/3318","targetHints":{"allow":["GET"]}}],"collection":[{"href":"https:\/\/www.ventonorte.com\/index.php?rest_route=\/wp\/v2\/posts"}],"about":[{"href":"https:\/\/www.ventonorte.com\/index.php?rest_route=\/wp\/v2\/types\/post"}],"author":[{"embeddable":true,"href":"https:\/\/www.ventonorte.com\/index.php?rest_route=\/wp\/v2\/users\/1"}],"replies":[{"embeddable":true,"href":"https:\/\/www.ventonorte.com\/index.php?rest_route=%2Fwp%2Fv2%2Fcomments&post=3318"}],"version-history":[{"count":3,"href":"https:\/\/www.ventonorte.com\/index.php?rest_route=\/wp\/v2\/posts\/3318\/revisions"}],"predecessor-version":[{"id":3322,"href":"https:\/\/www.ventonorte.com\/index.php?rest_route=\/wp\/v2\/posts\/3318\/revisions\/3322"}],"wp:featuredmedia":[{"embeddable":true,"href":"https:\/\/www.ventonorte.com\/index.php?rest_route=\/wp\/v2\/media\/3319"}],"wp:attachment":[{"href":"https:\/\/www.ventonorte.com\/index.php?rest_route=%2Fwp%2Fv2%2Fmedia&parent=3318"}],"wp:term":[{"taxonomy":"category","embeddable":true,"href":"https:\/\/www.ventonorte.com\/index.php?rest_route=%2Fwp%2Fv2%2Fcategories&post=3318"},{"taxonomy":"post_tag","embeddable":true,"href":"https:\/\/www.ventonorte.com\/index.php?rest_route=%2Fwp%2Fv2%2Ftags&post=3318"}],"curies":[{"name":"wp","href":"https:\/\/api.w.org\/{rel}","templated":true}]}}