{"id":3324,"date":"2018-03-14T13:07:15","date_gmt":"2018-03-14T13:07:15","guid":{"rendered":"http:\/\/www.ventonorte.com\/?p=3324"},"modified":"2019-04-05T14:47:30","modified_gmt":"2019-04-05T14:47:30","slug":"plano-de-atividades-2018","status":"publish","type":"post","link":"https:\/\/www.ventonorte.com\/?p=3324","title":{"rendered":"Plano de atividades 2018"},"content":{"rendered":"<h2 style=\"text-align: center;\"><img loading=\"lazy\" decoding=\"async\" class=\"aligncenter wp-image-1489\" src=\"http:\/\/www.ventonorte.com\/wp-content\/uploads\/plano-1024x688.jpg\" alt=\"plano\" width=\"550\" height=\"370\" srcset=\"https:\/\/www.ventonorte.com\/wp-content\/uploads\/plano-1024x688.jpg 1024w, https:\/\/www.ventonorte.com\/wp-content\/uploads\/plano-150x100.jpg 150w, https:\/\/www.ventonorte.com\/wp-content\/uploads\/plano-300x201.jpg 300w, https:\/\/www.ventonorte.com\/wp-content\/uploads\/plano-500x336.jpg 500w, https:\/\/www.ventonorte.com\/wp-content\/uploads\/plano.jpg 1115w\" sizes=\"auto, (max-width: 550px) 100vw, 550px\" \/><\/h2>\n<p>&nbsp;<\/p>\n<h1 style=\"text-align: center;\">Plano de atividades da Vento Norte para 2018<\/h1>\n<p>&nbsp;<\/p>\n<p>Consulte todo o plano de atividades para 2018 <a href=\"http:\/\/www.ventonorte.com\/?page_id=31\">aqui<\/a>, ou em <a href=\"http:\/\/www.ventonorte.com\/ficheiros\/Plano_de_actividades_VN_2018.pdf\" target=\"_blank\" rel=\"noopener noreferrer\">pdf.<\/a> Naturalmente o plano poder\u00e1 sofrer acr\u00e9scimos ou pequenas altera\u00e7\u00f5es ao longo do ano. Assim o melhor \u00e9 acompanhar as novidades, aqui no site ou no facebook &#8211; <a href=\"http:\/\/www.facebook.com\/AVentoNorte\">facebook.com\/AVentoNorte<\/a>.<\/p>\n<p>&nbsp;<\/p>\n<table style=\"width: 590px;\" border=\"1\">\n<tbody>\n<tr>\n<td style=\"width: 75.9833px;\">M\u00eas<\/td>\n<td style=\"width: 80.4833px;\">Data<\/td>\n<td style=\"width: 188.5px;\">Atividade<\/td>\n<td style=\"width: 108.55px;\">Local<\/td>\n<td style=\"width: 102.483px;\">Departamento<\/td>\n<\/tr>\n<tr>\n<td style=\"width: 75.9833px;\"><span style=\"font-size: 8pt;\">TODO O ANO<\/span><\/td>\n<td style=\"width: 80.4833px;\"><span style=\"font-size: 10pt;\"><strong>&nbsp;<\/strong><\/span><\/td>\n<td style=\"width: 188.5px;\"><span style=\"font-size: 10pt;\">Concurso Anual de Fotografia<\/span><\/td>\n<td style=\"width: 108.55px;\">&nbsp;<\/td>\n<td style=\"width: 102.483px;\"><span style=\"font-size: 10pt;\">Cultural<\/span><\/td>\n<\/tr>\n<tr>\n<td style=\"width: 75.9833px;\"><span style=\"font-size: 8pt;\">TODO O ANO<\/span><\/td>\n<td style=\"width: 80.4833px;\">\n<p style=\"text-align: center;\">&nbsp;<\/p>\n<\/td>\n<td style=\"width: 188.5px;\"><span style=\"font-size: 10pt;\">Hortas Urbanas<\/span><\/td>\n<td style=\"width: 108.55px;\"><span style=\"font-size: 10pt;\">Parque Devesa<\/span><\/td>\n<td style=\"width: 102.483px;\"><span style=\"font-size: 10pt;\">Ed. Ambiental<\/span><\/td>\n<\/tr>\n<tr>\n<td style=\"width: 75.9833px;\"><span style=\"font-size: 8pt;\">JANEIRO<\/span><\/td>\n<td style=\"width: 80.4833px;\">\n<p style=\"text-align: center;\"><span style=\"font-size: 10pt;\">14<\/span><\/p>\n<\/td>\n<td style=\"width: 188.5px;\"><span style=\"font-size: 10pt;\">\u201cCaminhada para Todos\u201d<\/span><\/td>\n<td style=\"width: 108.55px;\"><span style=\"font-size: 10pt;\">Ponte de Lima<\/span><\/td>\n<td style=\"width: 102.483px;\"><span style=\"font-size: 10pt;\">Pedestrianismo<\/span><\/td>\n<\/tr>\n<tr>\n<td style=\"width: 75.9833px;\"><span style=\"font-size: 8pt;\">FEVEREIRO<\/span><\/td>\n<td style=\"width: 80.4833px;\">\n<p style=\"text-align: center;\"><span style=\"font-size: 10pt;\">16<\/span><\/p>\n<\/td>\n<td style=\"width: 188.5px;\"><span style=\"font-size: 10pt;\">Ambientar-se<\/span><\/td>\n<td style=\"width: 108.55px;\"><span style=\"font-size: 10pt;\">V. N. Famalic\u00e3o<\/span><\/td>\n<td style=\"width: 102.483px;\"><span style=\"font-size: 10pt;\">Ed. Ambiental<\/span><\/td>\n<\/tr>\n<tr>\n<td style=\"width: 75.9833px;\"><span style=\"font-size: 8pt;\">FEVEREIRO<\/span><\/td>\n<td style=\"width: 80.4833px;\">\n<p style=\"text-align: center;\"><span style=\"font-size: 10pt;\">18<\/span><\/p>\n<\/td>\n<td style=\"width: 188.5px;\"><span style=\"font-size: 10pt;\">\u201cCaminhada para Todos\u201d<\/span><\/td>\n<td style=\"width: 108.55px;\"><span style=\"font-size: 10pt;\">Vieira do Minho<\/span><\/td>\n<td style=\"width: 102.483px;\"><span style=\"font-size: 10pt;\">Pedestrianismo<\/span><\/td>\n<\/tr>\n<tr>\n<td style=\"width: 75.9833px;\"><span style=\"font-size: 8pt;\">FEVEREIRO<\/span><\/td>\n<td style=\"width: 80.4833px;\">\n<p style=\"text-align: center;\"><span style=\"font-size: 10pt;\">24<\/span><\/p>\n<\/td>\n<td style=\"width: 188.5px;\"><span style=\"font-size: 10pt;\">Conhecer o Lixo!<\/span><\/td>\n<td style=\"width: 108.55px;\"><span style=\"font-size: 10pt;\">Riba D\u2019Ave<\/span><\/td>\n<td style=\"width: 102.483px;\"><span style=\"font-size: 10pt;\">Ed. Ambiental<\/span><\/td>\n<\/tr>\n<tr>\n<td style=\"width: 75.9833px;\"><span style=\"font-size: 8pt;\">MAR\u00c7O<\/span><\/td>\n<td style=\"width: 80.4833px;\">\n<p style=\"text-align: center;\"><span style=\"font-size: 10pt;\">18<\/span><\/p>\n<\/td>\n<td style=\"width: 188.5px;\"><span style=\"font-size: 10pt;\">\u201cCaminhada para Todos\u201d \u2013 Sistelo<\/span><\/td>\n<td style=\"width: 108.55px;\"><span style=\"font-size: 10pt;\">Arcos de Valdevez<\/span><\/td>\n<td style=\"width: 102.483px;\"><span style=\"font-size: 10pt;\">Pedestrianismo<\/span><\/td>\n<\/tr>\n<tr>\n<td style=\"width: 75.9833px;\"><span style=\"font-size: 8pt;\">ABRIL<\/span><\/td>\n<td style=\"width: 80.4833px;\">\n<p style=\"text-align: center;\"><span style=\"font-size: 10pt;\">21 a 24<\/span><\/p>\n<\/td>\n<td style=\"width: 188.5px;\"><span style=\"font-size: 10pt;\">Projeto Grandes Rotas, GR 22 (Aldeias hist\u00f3ricas \u2013 parte II)<\/span><\/td>\n<td style=\"width: 108.55px;\">&nbsp;<\/td>\n<td style=\"width: 102.483px;\"><span style=\"font-size: 10pt;\">Pedestrianismo<\/span><\/td>\n<\/tr>\n<tr>\n<td style=\"width: 75.9833px;\"><span style=\"font-size: 8pt;\">ABRIL<\/span><\/td>\n<td style=\"width: 80.4833px;\">\n<p style=\"text-align: center;\"><span style=\"font-size: 10pt;\">28 a 30<\/span><\/p>\n<\/td>\n<td style=\"width: 188.5px;\"><span style=\"font-size: 10pt;\">Atividade invernal nos Picos da Europa<\/span><\/td>\n<td style=\"width: 108.55px;\"><span style=\"font-size: 10pt;\">Espanha<\/span><\/td>\n<td style=\"width: 102.483px;\"><span style=\"font-size: 10pt;\">Montanhismo<\/span><\/td>\n<\/tr>\n<tr>\n<td style=\"width: 75.9833px;\"><span style=\"font-size: 8pt;\">MAIO<\/span><\/td>\n<td style=\"width: 80.4833px;\">\n<p style=\"text-align: center;\"><span style=\"font-size: 10pt;\"><em>&lt;a marcar&gt;<\/em><\/span><\/p>\n<\/td>\n<td style=\"width: 188.5px;\"><span style=\"font-size: 10pt;\">Trilhos da BIORIA<\/span><\/td>\n<td style=\"width: 108.55px;\"><span style=\"font-size: 10pt;\">Estarreja<\/span><\/td>\n<td style=\"width: 102.483px;\"><span style=\"font-size: 10pt;\">Cultural<\/span><\/td>\n<\/tr>\n<tr>\n<td style=\"width: 75.9833px;\"><span style=\"font-size: 8pt;\">MAIO<\/span><\/td>\n<td style=\"width: 80.4833px;\">\n<p style=\"text-align: center;\"><span style=\"font-size: 10pt;\"><em>&lt;a marcar&gt;<\/em><\/span><\/p>\n<\/td>\n<td style=\"width: 188.5px;\"><span style=\"font-size: 10pt;\">\u201cCaminhada para Todos\u201d<\/span><\/td>\n<td style=\"width: 108.55px;\"><span style=\"font-size: 10pt;\">Ponte da Barca<\/span><\/td>\n<td style=\"width: 102.483px;\"><span style=\"font-size: 10pt;\">Pedestrianismo<\/span><\/td>\n<\/tr>\n<tr>\n<td style=\"width: 75.9833px;\"><span style=\"font-size: 8pt;\">JUNHO<\/span><\/td>\n<td style=\"width: 80.4833px;\">\n<p style=\"text-align: center;\"><span style=\"font-size: 10pt;\"><em>&lt;a marcar&gt;<\/em><\/span><\/p>\n<\/td>\n<td style=\"width: 188.5px;\"><span style=\"font-size: 10pt;\">\u201cCaminhada para Todos\u201d<\/span><\/td>\n<td style=\"width: 108.55px;\"><span style=\"font-size: 10pt;\">Peneda &#8211; Ger\u00eas<\/span><\/td>\n<td style=\"width: 102.483px;\"><span style=\"font-size: 10pt;\">Pedestrianismo<\/span><\/td>\n<\/tr>\n<tr>\n<td style=\"width: 75.9833px;\"><span style=\"font-size: 8pt;\">JUNHO<\/span><\/td>\n<td style=\"width: 80.4833px;\">\n<p style=\"text-align: center;\"><span style=\"font-size: 10pt;\">9 e 10<\/span><\/p>\n<\/td>\n<td style=\"width: 188.5px;\"><span style=\"font-size: 10pt;\">\u201cDos 3 aos 80\u201d<\/span><\/td>\n<td style=\"width: 108.55px;\"><span style=\"font-size: 10pt;\">P. C. Celorico Basto<\/span><\/td>\n<td style=\"width: 102.483px;\"><span style=\"font-size: 10pt;\">Todos<\/span><\/td>\n<\/tr>\n<tr>\n<td style=\"width: 75.9833px;\"><span style=\"font-size: 8pt;\">JULHO<\/span><\/td>\n<td style=\"width: 80.4833px;\">\n<p style=\"text-align: center;\"><span style=\"font-size: 10pt;\">21<\/span><\/p>\n<\/td>\n<td style=\"width: 188.5px;\"><span style=\"font-size: 10pt;\">Ponte de Lima &#8211; Barca do Porto<\/span><\/td>\n<td style=\"width: 108.55px;\"><span style=\"font-size: 10pt;\">Rio Lima<\/span><\/td>\n<td style=\"width: 102.483px;\"><span style=\"font-size: 10pt;\">Canoagem<\/span><\/td>\n<\/tr>\n<tr>\n<td style=\"width: 75.9833px;\"><span style=\"font-size: 8pt;\">AGOSTO<\/span><\/td>\n<td style=\"width: 80.4833px;\">\n<p style=\"text-align: center;\"><span style=\"font-size: 10pt;\">25 a 30<\/span><\/p>\n<\/td>\n<td style=\"width: 188.5px;\"><span style=\"font-size: 10pt;\">Projeto Grandes Rotas, GR \u2013 Ruta dos Faros, costa da morte<\/span><\/td>\n<td style=\"width: 108.55px;\"><span style=\"font-size: 10pt;\">Galiza<\/span><\/td>\n<td style=\"width: 102.483px;\"><span style=\"font-size: 10pt;\">Pedestrianismo<\/span><\/td>\n<\/tr>\n<tr>\n<td style=\"width: 75.9833px;\"><span style=\"font-size: 8pt;\">SETEMBRO<\/span><\/td>\n<td style=\"width: 80.4833px;\">\n<p style=\"text-align: center;\"><span style=\"font-size: 10pt;\"><em>&lt;a marcar&gt;<\/em><\/span><\/p>\n<\/td>\n<td style=\"width: 188.5px;\"><span style=\"font-size: 10pt;\">\u201cCaminhada para Todos\u201d<\/span><\/td>\n<td style=\"width: 108.55px;\"><span style=\"font-size: 10pt;\">Viana do Castelo<\/span><\/td>\n<td style=\"width: 102.483px;\"><span style=\"font-size: 10pt;\">Pedestrianismo<\/span><\/td>\n<\/tr>\n<tr>\n<td style=\"width: 75.9833px;\"><span style=\"font-size: 8pt;\">SETEMBRO<\/span><\/td>\n<td style=\"width: 80.4833px;\">\n<p style=\"text-align: center;\"><span style=\"font-size: 10pt;\">14<\/span><\/p>\n<\/td>\n<td style=\"width: 188.5px;\"><span style=\"font-size: 10pt;\">Ambientar-se<\/span><\/td>\n<td style=\"width: 108.55px;\"><span style=\"font-size: 10pt;\">V. N. Famalic\u00e3o<\/span><\/td>\n<td style=\"width: 102.483px;\"><span style=\"font-size: 10pt;\">Ed. Ambiental<\/span><\/td>\n<\/tr>\n<tr>\n<td style=\"width: 75.9833px;\"><span style=\"font-size: 8pt;\">SETEMBRO<\/span><\/td>\n<td style=\"width: 80.4833px;\">\n<p style=\"text-align: center;\"><span style=\"font-size: 10pt;\">22<\/span><\/p>\n<\/td>\n<td style=\"width: 188.5px;\"><span style=\"font-size: 10pt;\">Caminha &#8211; Vilar Mouros &#8211; Caminha<\/span><\/td>\n<td style=\"width: 108.55px;\"><span style=\"font-size: 10pt;\">Rio Coura<\/span><\/td>\n<td style=\"width: 102.483px;\"><span style=\"font-size: 10pt;\">Canoagem<\/span><\/td>\n<\/tr>\n<tr>\n<td style=\"width: 75.9833px;\"><span style=\"font-size: 8pt;\">OUTUBRO<\/span><\/td>\n<td style=\"width: 80.4833px;\">\n<p style=\"text-align: center;\"><span style=\"font-size: 10pt;\"><em>&lt;a marcar&gt;<\/em><\/span><\/p>\n<\/td>\n<td style=\"width: 188.5px;\"><span style=\"font-size: 10pt;\">\u201cCaminhada para Todos\u201d<\/span><\/td>\n<td style=\"width: 108.55px;\"><span style=\"font-size: 10pt;\">Peneda &#8211; Ger\u00eas<\/span><\/td>\n<td style=\"width: 102.483px;\"><span style=\"font-size: 10pt;\">Pedestrianismo<\/span><\/td>\n<\/tr>\n<tr>\n<td style=\"width: 75.9833px;\"><span style=\"font-size: 8pt;\">OUTUBRO<\/span><\/td>\n<td style=\"width: 80.4833px;\">\n<p style=\"text-align: center;\"><span style=\"font-size: 10pt;\">5 a 7<\/span><\/p>\n<\/td>\n<td style=\"width: 188.5px;\"><span style=\"font-size: 10pt;\">Travessia nos Picos da Europa<\/span><\/td>\n<td style=\"width: 108.55px;\"><span style=\"font-size: 10pt;\">Espanha<\/span><\/td>\n<td style=\"width: 102.483px;\"><span style=\"font-size: 10pt;\">Montanhismo<\/span><\/td>\n<\/tr>\n<tr>\n<td style=\"width: 75.9833px;\"><span style=\"font-size: 8pt;\">OUTUBRO<\/span><\/td>\n<td style=\"width: 80.4833px;\">\n<p style=\"text-align: center;\"><span style=\"font-size: 10pt;\">20 e 21<\/span><\/p>\n<\/td>\n<td style=\"width: 188.5px;\"><span style=\"font-size: 10pt;\">Visita \u00e0 Serra da Lous\u00e3<\/span><\/td>\n<td style=\"width: 108.55px;\"><span style=\"font-size: 10pt;\">Serra da Lous\u00e3<\/span><\/td>\n<td style=\"width: 102.483px;\"><span style=\"font-size: 10pt;\">Ed. Ambiental<\/span><\/td>\n<\/tr>\n<tr>\n<td style=\"width: 75.9833px;\"><span style=\"font-size: 8pt;\">NOVEMBRO<\/span><\/td>\n<td style=\"width: 80.4833px;\">\n<p style=\"text-align: center;\"><span style=\"font-size: 10pt;\">1 a 4<\/span><\/p>\n<\/td>\n<td style=\"width: 188.5px;\"><span style=\"font-size: 10pt;\">Projeto Grandes Rotas<\/span><\/td>\n<td style=\"width: 108.55px;\">&nbsp;<\/td>\n<td style=\"width: 102.483px;\"><span style=\"font-size: 10pt;\">Pedestrianismo<\/span><\/td>\n<\/tr>\n<tr>\n<td style=\"width: 75.9833px;\"><span style=\"font-size: 8pt;\">DEZEMBRO<\/span><\/td>\n<td style=\"width: 80.4833px;\">\n<p style=\"text-align: center;\"><span style=\"font-size: 10pt;\"><em>&lt;a marcar&gt;<\/em><\/span><\/p>\n<\/td>\n<td style=\"width: 188.5px;\"><span style=\"font-size: 10pt;\">Projeto \u201cFins de semana r\u00fasticos\u201d <\/span><span style=\"font-size: 10pt;\">\u2013 Rio de Onor<\/span><\/td>\n<td style=\"width: 108.55px;\"><span style=\"font-size: 10pt;\">Rio de Onor<\/span><\/td>\n<td style=\"width: 102.483px;\"><span style=\"font-size: 10pt;\">Pedestrianismo<\/span><\/td>\n<\/tr>\n<tr>\n<td style=\"width: 75.9833px;\"><span style=\"font-size: 8pt;\">JANEIRO \u201819<\/span><\/td>\n<td style=\"width: 80.4833px;\"><span style=\"font-size: 10pt;\"><em>&lt;a marcar&gt;<\/em><\/span><\/td>\n<td style=\"width: 188.5px;\"><span style=\"font-size: 10pt;\">\u201cCaminhada para Todos\u201d<\/span><\/td>\n<td style=\"width: 108.55px;\"><span style=\"font-size: 10pt;\">Arcos de Valdevez<\/span><\/td>\n<td style=\"width: 102.483px;\"><span style=\"font-size: 10pt;\">Pedestrianismo<\/span><\/td>\n<\/tr>\n<tr>\n<td style=\"width: 75.9833px;\"><span style=\"font-size: 8pt;\">FEVEREIRO \u201819<\/span><\/td>\n<td style=\"width: 80.4833px;\"><span style=\"font-size: 10pt;\"><em>&lt;a marcar&gt;<\/em><\/span><\/td>\n<td style=\"width: 188.5px;\"><span style=\"font-size: 10pt;\">Boticas<\/span><\/td>\n<td style=\"width: 108.55px;\"><span style=\"font-size: 10pt;\">Boticas<\/span><\/td>\n<td style=\"width: 102.483px;\"><span style=\"font-size: 10pt;\">Pedestrianismo<\/span><\/td>\n<\/tr>\n<\/tbody>\n<\/table>\n","protected":false},"excerpt":{"rendered":"<p>Plano de atividades da Vento Norte para 2018<\/p>\n","protected":false},"author":1,"featured_media":1489,"comment_status":"open","ping_status":"open","sticky":false,"template":"","format":"standard","meta":{"ngg_post_thumbnail":0,"footnotes":""},"categories":[12],"tags":[],"class_list":["post-3324","post","type-post","status-publish","format-standard","has-post-thumbnail","hentry","category-geral"],"_links":{"self":[{"href":"https:\/\/www.ventonorte.com\/index.php?rest_route=\/wp\/v2\/posts\/3324","targetHints":{"allow":["GET"]}}],"collection":[{"href":"https:\/\/www.ventonorte.com\/index.php?rest_route=\/wp\/v2\/posts"}],"about":[{"href":"https:\/\/www.ventonorte.com\/index.php?rest_route=\/wp\/v2\/types\/post"}],"author":[{"embeddable":true,"href":"https:\/\/www.ventonorte.com\/index.php?rest_route=\/wp\/v2\/users\/1"}],"replies":[{"embeddable":true,"href":"https:\/\/www.ventonorte.com\/index.php?rest_route=%2Fwp%2Fv2%2Fcomments&post=3324"}],"version-history":[{"count":8,"href":"https:\/\/www.ventonorte.com\/index.php?rest_route=\/wp\/v2\/posts\/3324\/revisions"}],"predecessor-version":[{"id":3787,"href":"https:\/\/www.ventonorte.com\/index.php?rest_route=\/wp\/v2\/posts\/3324\/revisions\/3787"}],"wp:featuredmedia":[{"embeddable":true,"href":"https:\/\/www.ventonorte.com\/index.php?rest_route=\/wp\/v2\/media\/1489"}],"wp:attachment":[{"href":"https:\/\/www.ventonorte.com\/index.php?rest_route=%2Fwp%2Fv2%2Fmedia&parent=3324"}],"wp:term":[{"taxonomy":"category","embeddable":true,"href":"https:\/\/www.ventonorte.com\/index.php?rest_route=%2Fwp%2Fv2%2Fcategories&post=3324"},{"taxonomy":"post_tag","embeddable":true,"href":"https:\/\/www.ventonorte.com\/index.php?rest_route=%2Fwp%2Fv2%2Ftags&post=3324"}],"curies":[{"name":"wp","href":"https:\/\/api.w.org\/{rel}","templated":true}]}}