{"id":3584,"date":"2018-05-21T12:15:18","date_gmt":"2018-05-21T12:15:18","guid":{"rendered":"http:\/\/www.ventonorte.com\/?p=3584"},"modified":"2018-05-30T09:20:59","modified_gmt":"2018-05-30T09:20:59","slug":"caminhada-para-todos-trilho-de-germil-27-05-2018","status":"publish","type":"post","link":"https:\/\/www.ventonorte.com\/?p=3584","title":{"rendered":"\u201cCaminhada para Todos&#8221; &#8211; Trilho de Germil [27\/05\/2018]"},"content":{"rendered":"<p><img loading=\"lazy\" decoding=\"async\" class=\"size-medium wp-image-3585 aligncenter\" src=\"http:\/\/www.ventonorte.com\/wp-content\/uploads\/Germil-560x315.jpg\" alt=\"\" width=\"560\" height=\"315\" srcset=\"https:\/\/www.ventonorte.com\/wp-content\/uploads\/Germil-560x315.jpg 560w, https:\/\/www.ventonorte.com\/wp-content\/uploads\/Germil-150x84.jpg 150w, https:\/\/www.ventonorte.com\/wp-content\/uploads\/Germil-768x432.jpg 768w, https:\/\/www.ventonorte.com\/wp-content\/uploads\/Germil-1024x575.jpg 1024w, https:\/\/www.ventonorte.com\/wp-content\/uploads\/Germil.jpg 1600w\" sizes=\"auto, (max-width: 560px) 100vw, 560px\" \/><\/p>\n<h1 style=\"text-align: center;\">\u201cCaminhada para Todos&#8221; &#8211; Trilho de Germil<\/h1>\n<h2 style=\"text-align: center;\">Ponte da Barca<\/h2>\n<h3 style=\"text-align: center;\">27\/05\/2018<\/h3>\n<p>&nbsp;<br \/>\nNeste percurso por caminhos florestais e trilhos de pastores apreciaremos as majestosas paisagens da Serra Amarela, os n\u00facleos rurais de Germil e Germil de Baixo, manchas florestais de carvalhos junto ao rio Germil e o fojo do lobo.<br \/>\n&nbsp;<\/p>\n<h3>Introdu\u00e7\u00e3o<\/h3>\n<p>Este itiner\u00e1rio tem in\u00edcio junto \u00e0 capela da aldeia de montanha de Germil, nas faldas da Serra Amarela, no concelho de Ponte da Barca.<\/p>\n<p><strong>Ficha T\u00e9cnica:<\/strong><br \/>\nExtens\u00e3o aproximada: 9,5 km<br \/>\nDura\u00e7\u00e3o aproximada: 4h00 horas.<br \/>\nGrau de dificuldade: f\u00e1cil.<br \/>\nPonto de partida\/chegada: Igreja de Germil.<br \/>\nTipo de percurso: pequena rota, circular, de interesse ambiental e paisag\u00edstico.<\/p>\n<p>Brochura do percurso: <a href=\"http:\/\/www.cmpb.pt\/pdf\/cultura\/2017\/cmpb_germil_2017.pdf\">http:\/\/www.cmpb.pt\/pdf\/cultura\/2017\/cmpb_germil_2017.pdf<\/a><\/p>\n<p>&nbsp;<\/p>\n<h3>Programa<\/h3>\n<ul>\n<li>09h30 \u2013 Ponto de encontro e In\u00edcio do percurso: Igreja de Germil.<\/li>\n<li>13h30 &#8211; Fim do percurso.<\/li>\n<\/ul>\n<p>&nbsp;<\/p>\n<h3>Equipamento<\/h3>\n<ul>\n<li>Aconselha-se o uso de botas de montanhismo e roupa confort\u00e1vel.<\/li>\n<li>Mochila.<\/li>\n<\/ul>\n<p>&nbsp;<\/p>\n<h3>Alimenta\u00e7\u00e3o<\/h3>\n<ul>\n<li>A alimenta\u00e7\u00e3o ser\u00e1 volante e fica a cargo de cada participante.<\/li>\n<li>\u00c9 aconselh\u00e1vel 1 a 1,5 L de \u00e1gua.<\/li>\n<\/ul>\n<p>&nbsp;<\/p>\n<h3>Transporte<\/h3>\n<ul>\n<li>O Transporte fica a cargo dos participantes, havendo possibilidade de partilhar carro. Caso esteja interessado, por favor envie email.<\/li>\n<li>Como chegar<\/li>\n<li>Desde Braga (46 km; 1h00).<\/li>\n<li>Seguir em dire\u00e7\u00e3o a Ponte da Barca\/Arcos de Valdevez, pela EN 101. Em Portela do Vade, tomar a direc\u00e7\u00e3o de Aboim da N\u00f3brega.<\/li>\n<li>Alternativa 1: Na ponte do Bico, tomar a direc\u00e7\u00e3o de Amares\/Terras de Bouro. Na rotunda de acesso a Vila Verde, uns km antes de Terras de Bouro, seguir em direc\u00e7\u00e3o a Valdreu\/Gondoriz.<\/li>\n<li>Alternativa 2: Em Ponte da Barca, tomar a direc\u00e7\u00e3o de Lindoso. Logo depois da ponte de Entre Ambos-os-Rios, tomar a estrada CM1348 em direc\u00e7\u00e3o a Germil (10 km).<\/li>\n<\/ul>\n<p>&nbsp;<\/p>\n<h3>Inscri\u00e7\u00f5es<\/h3>\n<ul>\n<li>Custo\n<ul>\n<li>Associados: 0\u20ac<\/li>\n<li>N\u00e3o Associados: 3\u20ac<\/li>\n<\/ul>\n<\/li>\n<li>Inscri\u00e7\u00f5es pelo <a href=\"https:\/\/docs.google.com\/forms\/d\/e\/1FAIpQLSeHyjvbXDt51D8a3IMaHAvPJm-q3AFpbYLeMFn_LemVknE6BQ\/formResponse\"><strong>formul\u00e1rio online<\/strong><\/a> <strong>at\u00e9 ao final do dia 26\/05\/2018<\/strong>.<\/li>\n<li><strong>\u00c9 obrigat\u00f3rio possuir seguro para participar na atividade.<\/strong> O seguro anual da Vento Norte tem o valor de 5\u20ac por pessoa, sendo v\u00e1lido para todas as atividades Vento Norte realizadas at\u00e9 ao final deste ano.<\/li>\n<li>Para outras d\u00favidas e informa\u00e7\u00f5es contacte 965 648 065 (Pedro Cerqueira), ou por email: <a href=\"mailto:montanhismo.vn@gmail.com\">montanhismo.vn@gmail.com<\/a>.<\/li>\n<\/ul>\n<p>&nbsp;<\/p>\n<p>&nbsp;<\/p>\n","protected":false},"excerpt":{"rendered":"<p>\u201cCaminhada para Todos&#8221; &#8211; Trilho de Germil<br \/>\nPonte da Barca<br \/>\n27\/05\/2018<br \/>\n&nbsp;<br \/>\nNeste percurso por caminhos florestais e trilhos de pastores apreciaremos as majestosas paisagens da Serra Amarela, os n\u00facleos rurais de Germil e Germil de Baixo, manchas florestais de carvalhos junto ao rio Germil e o fojo do lobo.<br \/>\n&nbsp;<br \/>\nIntrodu\u00e7\u00e3o<br \/>\nEste itiner\u00e1rio tem in\u00edcio junto \u00e0 capela da aldeia de montanha de Germil, nas faldas da Serra Amarela, no concelho de Ponte da Barca.<br \/>\nFicha T\u00e9cnica:<br \/>\nExtens\u00e3o aproximada: 9,5 km<br \/>\nDura\u00e7\u00e3o aproximada: 4h00 horas.<br \/>\nGrau de dificuldade: f\u00e1cil.<br \/>\nPonto de partida\/chegada: Igreja de Germil.<br \/>\nTipo de percurso: pequena rota, circular, de &#8230;<\/p>\n","protected":false},"author":16,"featured_media":3585,"comment_status":"open","ping_status":"open","sticky":false,"template":"","format":"standard","meta":{"ngg_post_thumbnail":0,"footnotes":""},"categories":[11],"tags":[],"class_list":["post-3584","post","type-post","status-publish","format-standard","has-post-thumbnail","hentry","category-montanhismo"],"_links":{"self":[{"href":"https:\/\/www.ventonorte.com\/index.php?rest_route=\/wp\/v2\/posts\/3584","targetHints":{"allow":["GET"]}}],"collection":[{"href":"https:\/\/www.ventonorte.com\/index.php?rest_route=\/wp\/v2\/posts"}],"about":[{"href":"https:\/\/www.ventonorte.com\/index.php?rest_route=\/wp\/v2\/types\/post"}],"author":[{"embeddable":true,"href":"https:\/\/www.ventonorte.com\/index.php?rest_route=\/wp\/v2\/users\/16"}],"replies":[{"embeddable":true,"href":"https:\/\/www.ventonorte.com\/index.php?rest_route=%2Fwp%2Fv2%2Fcomments&post=3584"}],"version-history":[{"count":4,"href":"https:\/\/www.ventonorte.com\/index.php?rest_route=\/wp\/v2\/posts\/3584\/revisions"}],"predecessor-version":[{"id":3591,"href":"https:\/\/www.ventonorte.com\/index.php?rest_route=\/wp\/v2\/posts\/3584\/revisions\/3591"}],"wp:featuredmedia":[{"embeddable":true,"href":"https:\/\/www.ventonorte.com\/index.php?rest_route=\/wp\/v2\/media\/3585"}],"wp:attachment":[{"href":"https:\/\/www.ventonorte.com\/index.php?rest_route=%2Fwp%2Fv2%2Fmedia&parent=3584"}],"wp:term":[{"taxonomy":"category","embeddable":true,"href":"https:\/\/www.ventonorte.com\/index.php?rest_route=%2Fwp%2Fv2%2Fcategories&post=3584"},{"taxonomy":"post_tag","embeddable":true,"href":"https:\/\/www.ventonorte.com\/index.php?rest_route=%2Fwp%2Fv2%2Ftags&post=3584"}],"curies":[{"name":"wp","href":"https:\/\/api.w.org\/{rel}","templated":true}]}}