{"id":3626,"date":"2018-09-10T10:22:55","date_gmt":"2018-09-10T10:22:55","guid":{"rendered":"http:\/\/www.ventonorte.com\/?p=3626"},"modified":"2018-10-04T07:22:33","modified_gmt":"2018-10-04T07:22:33","slug":"picos-da-europa-2018-5-a-7-10-2018","status":"publish","type":"post","link":"https:\/\/www.ventonorte.com\/?p=3626","title":{"rendered":"Picos da Europa 2018 [5 a 7\/10\/2018]"},"content":{"rendered":"<p><img loading=\"lazy\" decoding=\"async\" class=\"aligncenter size-medium wp-image-3627\" src=\"http:\/\/www.ventonorte.com\/wp-content\/uploads\/LIORDES2-560x408.jpg\" alt=\"\" width=\"560\" height=\"408\" srcset=\"https:\/\/www.ventonorte.com\/wp-content\/uploads\/LIORDES2-560x408.jpg 560w, https:\/\/www.ventonorte.com\/wp-content\/uploads\/LIORDES2-150x109.jpg 150w, https:\/\/www.ventonorte.com\/wp-content\/uploads\/LIORDES2-768x559.jpg 768w, https:\/\/www.ventonorte.com\/wp-content\/uploads\/LIORDES2.jpg 867w\" sizes=\"auto, (max-width: 560px) 100vw, 560px\" \/><\/p>\n<h1 style=\"text-align: center;\">Picos da Europa 2018<\/h1>\n<h2 style=\"text-align: center;\">P.N. Picos da Europa<\/h2>\n<h3 style=\"text-align: center;\">5 a 7 de Outubro de 2018<\/h3>\n<p>&nbsp;<\/p>\n<p>Estamos de regresso aos Picos da Europa e a uma das zonas mais selvagens de todo o Parque Nacional, a zona do Collado Jermoso.<br \/>\nAt\u00e9 o seu pr\u00f3prio nome indica,&nbsp; o ref\u00fagio de Collado Jermoso est\u00e1 sem d\u00favida num dos locais mais id\u00edlicos dos Picos da Europa. \u00c9 tamb\u00e9m dos ref\u00fagios mais inacess\u00edveis.<br \/>\nSer\u00e1 o nosso regresso a esta zona, 9 anos a p\u00f3s a atividade de 2009, mas desta vez para realizar um travessia da parte sul do maci\u00e7o central dos Picos da Europa, na qual iremos tamb\u00e9m passar por uma dos mais selvagens prados de altitude destas montanhas &#8211; a Vega de Liordes.<\/p>\n<p>&nbsp;<\/p>\n<h3>Programa<\/h3>\n<p><strong>Dia 05 de outubro (6.\u00aa feira)<\/strong><\/p>\n<ul>\n<li>05h45 (hora PT) Partida de Famalic\u00e3o\/Braga (Itiner\u00e1rio&nbsp;a partir da sede da Vento Norte: https:\/\/goo.gl\/maps\/6roNcNgK4Uw)<\/li>\n<li>9h30 (hora ES) Ponto de encontro 1 &#8211;&nbsp; E.S. km 15 da A52 &#8211; Autovia das Rias Bajas (Sa\u00edda de Quintanilha de Urz\/Quiruelas de Vidriales)<\/li>\n<li>12h00 Cordi\u00f1anes\n<ul>\n<li>Cordi\u00f1anes \u00e9 uma pitoresca aldeia rodeada por v\u00e1rios cumes de mais de 2500 m e local de partida para o Ref\u00fagio de Collado Jermoso.<\/li>\n<li>Almo\u00e7o volante &#8211; \u00e9 importante levar a refei\u00e7\u00e3o preparada para n\u00e3o perder muito tempo.<\/li>\n<\/ul>\n<\/li>\n<li>12h30 Partida para o ref\u00fagio de Collado Jermoso (2.064 m) por um trilho bastante \u00edngreme, mas n\u00e3o muito extenso (Dificuldade m\u00e9dia +\/- 4h00)<\/li>\n<li>18h00 Ref\u00fagio de Collado Jermoso\n<ul>\n<li>At\u00e9 o seu pr\u00f3prio nome indica, este ref\u00fagio est\u00e1 sem d\u00favida num dos locais mais id\u00edlicos dos Picos da Europa. \u00c9 tamb\u00e9m dos ref\u00fagios mais inacess\u00edveis e com menos condi\u00e7\u00f5es.<\/li>\n<\/ul>\n<\/li>\n<li>20h00 Jantar no Ref\u00fagio de Collado Jermoso<\/li>\n<li>Dormida no ref\u00fagio em camaratas &#8211; \u00e9 necess\u00e1rio saco cama<\/li>\n<\/ul>\n<p><strong>Dia 06 de outubro (s\u00e1bado)<\/strong><\/p>\n<ul>\n<li>8h00 Pequeno-almo\u00e7o no ref\u00fagio<\/li>\n<li>8h30 Travessia Collado Jermoso &#8211; Fuente D\u00e9 pela Vega de Liores (Dificuldade m\u00e9dia +\/- 6h00)\n<ul>\n<li>A Vega de Liordes \u00e9 um dos mais inacess\u00edveis prados de altitude dos Picos da Europa. Rodeada de impressionantes montanhas, \u00e9 uma verdadeira encruzilhada de caminhos. Noutros tempos era uma zona privilegiada&nbsp;para a ca\u00e7a grossa.<\/li>\n<\/ul>\n<\/li>\n<li>20h00 Jantar no Albergue<\/li>\n<\/ul>\n<p><strong>Dia 07 de outubro (domingo)<\/strong><\/p>\n<ul>\n<li>8h00 Pequeno-almo\u00e7o no albergue<\/li>\n<li>8h30 Travessia Fuente D\u00e9 &#8211; Puerto de Pandetrave (Dificuldade baixa +\/- 3h00)\n<ul>\n<li>Esta travessia decorre em grande parte por um frondoso bosque de faias, muito carater\u00edstico das zonas de menor altitude dos Picos da Europa<\/li>\n<\/ul>\n<\/li>\n<li>12h00 Liga\u00e7\u00e3o de t\u00e1xi<\/li>\n<li>13h00 Regresso<\/li>\n<li>17h30 Vila Nova de Famalic\u00e3o\/Braga<\/li>\n<\/ul>\n<p>&nbsp;<\/p>\n<h3><strong>Notas<\/strong><\/h3>\n<p><strong>Dificuldade global da actividade:<\/strong> Trata-se de uma actividade de dificuldade m\u00e9dia, acess\u00edvel a praticantes de caminhadas de montanha com dura\u00e7\u00e3o superior a 5 h.<\/p>\n<p>&nbsp;<\/p>\n<h3>Inscri\u00e7\u00f5es e log\u00edstica<\/h3>\n<ul>\n<li>Indicar nome, email, se possui transporte, lugares livres (por quest\u00f5es ambientais, de economia e log\u00edstica, tentaremos minimizar o n.\u00ba de autom\u00f3veis) e data, hora e montante do pagamento (atrav\u00e9s&nbsp; &nbsp; &nbsp; &nbsp; &nbsp; &nbsp; de transfer\u00eancia banc\u00e1ria).<\/li>\n<li>email: montanhismo.vn@gmail.com<\/li>\n<li>Inscri\u00e7\u00f5es limitadas pela capacidade dos ref\u00fagios.<\/li>\n<li>Datas\n<ul>\n<li>geral: at\u00e9 15 de setembro<\/li>\n<li>prefer\u00eancia a associados: at\u00e9 11 de setembro<\/li>\n<\/ul>\n<\/li>\n<li>Pre\u00e7os\n<ul>\n<li>Geral: 90,00 \u20ac<\/li>\n<li>Desconto associado: -10,00 \u20ac<\/li>\n<li>Desconto seguro da VN* &#8211; 5,00 \u20ac<\/li>\n<\/ul>\n<\/li>\n<li>Inclui: Seguro+Alojamento em ref\u00fagio+Jantar e PA nos ref\u00fagios.<\/li>\n<li>N\u00e3o inclui: Transporte e almo\u00e7os durante a atividade<\/li>\n<\/ul>\n<p style=\"padding-left: 30px;\"><em>*Participantes que j\u00e1 tenham feito o seguro da associa\u00e7\u00e3o para outras actividades ap\u00f3s janeiro de 2018<\/em><\/p>\n<p>&nbsp;<\/p>\n<h3>Material indispens\u00e1vel<\/h3>\n<ul>\n<li>Saco cama de ver\u00e3o (\u00e9 para dormir em ref\u00fagio\/albergue)<\/li>\n<li>Botas de montanhismo<\/li>\n<li>Casaco imperme\u00e1vel<\/li>\n<li>Roupa desportiva e confort\u00e1vel<\/li>\n<\/ul>\n<p>&nbsp;<\/p>\n<h3>Altera\u00e7\u00f5es ao planeamento<\/h3>\n<p>Em fun\u00e7\u00e3o das condi\u00e7\u00f5es meteorol\u00f3gicas e do n\u00famero de participantes interessados pode ser necess\u00e1rio proceder a altera\u00e7\u00f5es \u00e0 atividade.<\/p>\n<p>&nbsp;<\/p>\n<p>&nbsp;<\/p>\n","protected":false},"excerpt":{"rendered":"<p>Picos da Europa 2018<br \/>\nP.N. Picos da Europa<br \/>\n5 a 7 de Outubro de 2018<br \/>\n&nbsp;<br \/>\nEstamos de regresso aos Picos da Europa e a uma das zonas mais selvagens de todo o Parque Nacional, a zona do Collado Jermoso.<br \/>\nAt\u00e9 o seu pr\u00f3prio nome indica,&nbsp; o ref\u00fagio de Collado Jermoso est\u00e1 sem d\u00favida num dos locais mais id\u00edlicos dos Picos da Europa. \u00c9 tamb\u00e9m dos ref\u00fagios mais inacess\u00edveis.<br \/>\nSer\u00e1 o nosso regresso a esta zona, 9 anos a p\u00f3s a atividade de 2009, mas desta vez para realizar um travessia da parte sul do maci\u00e7o &#8230;<\/p>\n","protected":false},"author":1,"featured_media":3627,"comment_status":"open","ping_status":"open","sticky":false,"template":"","format":"standard","meta":{"ngg_post_thumbnail":0,"footnotes":""},"categories":[11],"tags":[],"class_list":["post-3626","post","type-post","status-publish","format-standard","has-post-thumbnail","hentry","category-montanhismo"],"_links":{"self":[{"href":"https:\/\/www.ventonorte.com\/index.php?rest_route=\/wp\/v2\/posts\/3626","targetHints":{"allow":["GET"]}}],"collection":[{"href":"https:\/\/www.ventonorte.com\/index.php?rest_route=\/wp\/v2\/posts"}],"about":[{"href":"https:\/\/www.ventonorte.com\/index.php?rest_route=\/wp\/v2\/types\/post"}],"author":[{"embeddable":true,"href":"https:\/\/www.ventonorte.com\/index.php?rest_route=\/wp\/v2\/users\/1"}],"replies":[{"embeddable":true,"href":"https:\/\/www.ventonorte.com\/index.php?rest_route=%2Fwp%2Fv2%2Fcomments&post=3626"}],"version-history":[{"count":9,"href":"https:\/\/www.ventonorte.com\/index.php?rest_route=\/wp\/v2\/posts\/3626\/revisions"}],"predecessor-version":[{"id":3635,"href":"https:\/\/www.ventonorte.com\/index.php?rest_route=\/wp\/v2\/posts\/3626\/revisions\/3635"}],"wp:featuredmedia":[{"embeddable":true,"href":"https:\/\/www.ventonorte.com\/index.php?rest_route=\/wp\/v2\/media\/3627"}],"wp:attachment":[{"href":"https:\/\/www.ventonorte.com\/index.php?rest_route=%2Fwp%2Fv2%2Fmedia&parent=3626"}],"wp:term":[{"taxonomy":"category","embeddable":true,"href":"https:\/\/www.ventonorte.com\/index.php?rest_route=%2Fwp%2Fv2%2Fcategories&post=3626"},{"taxonomy":"post_tag","embeddable":true,"href":"https:\/\/www.ventonorte.com\/index.php?rest_route=%2Fwp%2Fv2%2Ftags&post=3626"}],"curies":[{"name":"wp","href":"https:\/\/api.w.org\/{rel}","templated":true}]}}