{"id":3788,"date":"2019-04-05T14:47:35","date_gmt":"2019-04-05T14:47:35","guid":{"rendered":"http:\/\/www.ventonorte.com\/?p=3788"},"modified":"2024-04-27T09:50:04","modified_gmt":"2024-04-27T09:50:04","slug":"plano-de-atividades-2019","status":"publish","type":"post","link":"https:\/\/www.ventonorte.com\/?p=3788","title":{"rendered":"Plano de atividades 2019"},"content":{"rendered":"<h2 style=\"text-align: center;\"><img loading=\"lazy\" decoding=\"async\" class=\"aligncenter wp-image-1489\" src=\"http:\/\/www.ventonorte.com\/wp-content\/uploads\/plano-1024x688.jpg\" alt=\"plano\" width=\"550\" height=\"370\" srcset=\"https:\/\/www.ventonorte.com\/wp-content\/uploads\/plano-1024x688.jpg 1024w, https:\/\/www.ventonorte.com\/wp-content\/uploads\/plano-150x100.jpg 150w, https:\/\/www.ventonorte.com\/wp-content\/uploads\/plano-300x201.jpg 300w, https:\/\/www.ventonorte.com\/wp-content\/uploads\/plano-500x336.jpg 500w, https:\/\/www.ventonorte.com\/wp-content\/uploads\/plano.jpg 1115w\" sizes=\"auto, (max-width: 550px) 100vw, 550px\" \/><\/h2>\n<p>&nbsp;<\/p>\n<h1 style=\"text-align: center;\">Plano de atividades da Vento Norte para 2019<\/h1>\n<p>&nbsp;<\/p>\n<p>Consulte todo o plano de atividades para 2019 <a href=\"http:\/\/www.ventonorte.com\/?page_id=31\">aqui<\/a>, ou em <a href=\"http:\/\/www.ventonorte.com\/ficheiros\/Plano_de_actividades_VN_2019.pdf\" target=\"_blank\" rel=\"noopener noreferrer\">pdf.<\/a> Naturalmente o plano poder\u00e1 sofrer acr\u00e9scimos ou pequenas altera\u00e7\u00f5es ao longo do ano. Assim o melhor \u00e9 acompanhar as novidades, aqui no site ou no facebook &#8211; <a href=\"http:\/\/www.facebook.com\/AVentoNorte\">facebook.com\/AVentoNorte<\/a>.<\/p>\n<table style=\"width: 590px;\" border=\"1\">\n<tbody>\n<tr>\n<td style=\"width: 71.1333px;\">M\u00eas<\/td>\n<td style=\"width: 75.1333px;\">Data<\/td>\n<td style=\"width: 181.317px;\">Atividade<\/td>\n<td style=\"width: 118.217px;\">Local<\/td>\n<td style=\"width: 110.2px;\">Departamento<\/td>\n<\/tr>\n<tr>\n<td style=\"width: 71.1333px;\"><span style=\"font-size: 8pt;\">TODO O ANO<\/span><\/td>\n<td style=\"width: 75.1333px;\"><span style=\"font-size: 10pt;\"><strong>&nbsp;<\/strong><\/span><\/td>\n<td style=\"width: 181.317px;\"><span style=\"font-size: 10pt;\">Concurso Anual de Fotografia<\/span><\/td>\n<td style=\"width: 118.217px;\">&nbsp;<\/td>\n<td style=\"width: 110.2px;\"><span style=\"font-size: 10pt;\">Cultural<\/span><\/td>\n<\/tr>\n<tr>\n<td style=\"width: 71.1333px;\"><span style=\"font-size: 8pt;\">TODO O ANO<\/span><\/td>\n<td style=\"width: 75.1333px;\">&nbsp;<\/td>\n<td style=\"width: 181.317px;\"><span style=\"font-size: 10pt;\">Hortas Urbanas<\/span><\/td>\n<td style=\"width: 118.217px;\"><span style=\"font-size: 10pt;\">Parque Devesa<\/span><\/td>\n<td style=\"width: 110.2px;\"><span style=\"font-size: 10pt;\">Ed. Ambiental<\/span><\/td>\n<\/tr>\n<tr>\n<td style=\"width: 71.1333px;\"><span style=\"font-size: 8pt;\">ABRIL<\/span><\/td>\n<td style=\"width: 75.1333px;\"><span style=\"font-size: 10pt;\">12<\/span><\/td>\n<td style=\"width: 181.317px;\"><span style=\"font-size: 10pt;\">Sess\u00e3o Ambientar-se<\/span><\/td>\n<td style=\"width: 118.217px;\"><span style=\"font-size: 10pt;\">Casa do Territ\u00f3rio \u2013 Parque da Devesa<\/span><\/td>\n<td style=\"width: 110.2px;\"><span style=\"font-size: 10pt;\">&#8212;-<\/span><\/td>\n<\/tr>\n<tr>\n<td style=\"width: 71.1333px;\"><span style=\"font-size: 8pt;\">ABRIL<\/span><\/td>\n<td style=\"width: 75.1333px;\"><span style=\"font-size: 10pt;\">13<\/span><\/td>\n<td style=\"width: 181.317px;\"><span style=\"font-size: 10pt;\">Hot\u00e9is de Insetos e Jardins de Borboletas<\/span><\/td>\n<td style=\"width: 118.217px;\"><span style=\"font-size: 10pt;\">V. N. Famalic\u00e3o<\/span><\/td>\n<td style=\"width: 110.2px;\"><span style=\"font-size: 10pt;\">Cultural<\/span><\/td>\n<\/tr>\n<tr>\n<td style=\"width: 71.1333px;\"><span style=\"font-size: 8pt;\">ABRIL<\/span><\/td>\n<td style=\"width: 75.1333px;\"><span style=\"font-size: 10pt;\">25 a 28<\/span><\/td>\n<td style=\"width: 181.317px;\"><span style=\"font-size: 10pt;\">Atividade Invernal<\/span><\/td>\n<td style=\"width: 118.217px;\"><span style=\"font-size: 10pt;\"><em>(a definir)<\/em><\/span><\/td>\n<td style=\"width: 110.2px;\"><span style=\"font-size: 10pt;\">Montanhismo<\/span><\/td>\n<\/tr>\n<tr>\n<td style=\"width: 71.1333px;\"><span style=\"font-size: 8pt;\">MAIO<\/span><\/td>\n<td style=\"width: 75.1333px;\"><span style=\"font-size: 10pt;\">11<\/span><\/td>\n<td style=\"width: 181.317px;\"><span style=\"font-size: 10pt;\">\u201cCaminhada para Todos\u201d<\/span><\/td>\n<td style=\"width: 118.217px;\"><span style=\"font-size: 10pt;\">Pit\u00f5es das J\u00fanias<\/span><\/td>\n<td style=\"width: 110.2px;\"><span style=\"font-size: 10pt;\">Pedestrianismo<\/span><\/td>\n<\/tr>\n<tr>\n<td style=\"width: 71.1333px;\"><span style=\"font-size: 8pt;\">MAIO<\/span><\/td>\n<td style=\"width: 75.1333px;\"><span style=\"font-size: 10pt;\">25 e 26<\/span><\/td>\n<td style=\"width: 181.317px;\"><span style=\"font-size: 10pt;\">\u201cDos 3 aos 80\u201d<\/span><\/td>\n<td style=\"width: 118.217px;\"><span style=\"font-size: 10pt;\"><em>(a definir)<\/em><\/span><\/td>\n<td style=\"width: 110.2px;\"><span style=\"font-size: 10pt;\">&#8212;-<\/span><\/td>\n<\/tr>\n<tr>\n<td style=\"width: 71.1333px;\"><span style=\"font-size: 8pt;\">JUNHO<\/span><\/td>\n<td style=\"width: 75.1333px;\"><span style=\"font-size: 10pt;\">8 a 10<\/span><\/td>\n<td style=\"width: 181.317px;\"><span style=\"font-size: 10pt;\">\u00c0 redescoberta das Ilhas Atl\u00e2nticas da Galiza<\/span><\/td>\n<td style=\"width: 118.217px;\"><span style=\"font-size: 10pt;\">Ilhas Ons<\/span><\/td>\n<td style=\"width: 110.2px;\"><span style=\"font-size: 10pt;\">&#8212;&#8211;<\/span><\/td>\n<\/tr>\n<tr>\n<td style=\"width: 71.1333px;\"><span style=\"font-size: 8pt;\">JULHO<\/span><\/td>\n<td style=\"width: 75.1333px;\"><span style=\"font-size: 10pt;\">5 e 6<\/span><\/td>\n<td style=\"width: 181.317px;\"><span style=\"font-size: 10pt;\">Travessia em autonomia<\/span><\/td>\n<td style=\"width: 118.217px;\"><span style=\"font-size: 10pt;\">Ger\u00eas<\/span><\/td>\n<td style=\"width: 110.2px;\"><span style=\"font-size: 10pt;\">Montanhismo<\/span><\/td>\n<\/tr>\n<tr>\n<td style=\"width: 71.1333px;\"><span style=\"font-size: 8pt;\">JULHO<\/span><\/td>\n<td style=\"width: 75.1333px;\"><span style=\"font-size: 10pt;\">13<\/span><\/td>\n<td style=\"width: 181.317px;\"><span style=\"font-size: 10pt;\">Sempre o Coura!&#8230;<\/span><\/td>\n<td style=\"width: 118.217px;\"><span style=\"font-size: 10pt;\">Rio Coura<\/span><\/td>\n<td style=\"width: 110.2px;\"><span style=\"font-size: 10pt;\">Canoagem<\/span><\/td>\n<\/tr>\n<tr>\n<td style=\"width: 71.1333px;\"><span style=\"font-size: 8pt;\">AGOSTO<\/span><\/td>\n<td style=\"width: 75.1333px;\"><span style=\"font-size: 10pt;\">23 a 30<\/span><\/td>\n<td style=\"width: 181.317px;\"><span style=\"font-size: 10pt;\">Caminho Primitivo<\/span><\/td>\n<td style=\"width: 118.217px;\"><span style=\"font-size: 10pt;\">Oviedo<\/span><\/td>\n<td style=\"width: 110.2px;\"><span style=\"font-size: 10pt;\">Pedestrianismo<\/span><\/td>\n<\/tr>\n<tr>\n<td style=\"width: 71.1333px;\"><span style=\"font-size: 8pt;\">SETEMBRO<\/span><\/td>\n<td style=\"width: 75.1333px;\"><span style=\"font-size: 10pt;\">14<\/span><\/td>\n<td style=\"width: 181.317px;\"><span style=\"font-size: 10pt;\">De regresso ao Marach\u00e3o<\/span><\/td>\n<td style=\"width: 118.217px;\"><span style=\"font-size: 10pt;\">Rio C\u00e1vado<\/span><\/td>\n<td style=\"width: 110.2px;\"><span style=\"font-size: 10pt;\">Canoagem<\/span><\/td>\n<\/tr>\n<tr>\n<td style=\"width: 71.1333px;\"><span style=\"font-size: 8pt;\">SETEMBRO<\/span><\/td>\n<td style=\"width: 75.1333px;\"><span style=\"font-size: 10pt;\">14<\/span><\/td>\n<td style=\"width: 181.317px;\"><span style=\"font-size: 10pt;\">\u201cCaminhada para Todos\u201d<\/span><\/td>\n<td style=\"width: 118.217px;\"><span style=\"font-size: 10pt;\">Vila Nova de Gaia<\/span><\/td>\n<td style=\"width: 110.2px;\"><span style=\"font-size: 10pt;\">Pedestrianismo<\/span><\/td>\n<\/tr>\n<tr>\n<td style=\"width: 71.1333px;\"><span style=\"font-size: 8pt;\">OUTUBRO<\/span><\/td>\n<td style=\"width: 75.1333px;\"><span style=\"font-size: 10pt;\">18<\/span><\/td>\n<td style=\"width: 181.317px;\"><span style=\"font-size: 10pt;\">Sess\u00e3o Ambientar-se<\/span><\/td>\n<td style=\"width: 118.217px;\"><span style=\"font-size: 10pt;\">Casa do Territ\u00f3rio \u2013 Parque da Devesa<\/span><\/td>\n<td style=\"width: 110.2px;\"><span style=\"font-size: 10pt;\">&#8212;-<\/span><\/td>\n<\/tr>\n<tr>\n<td style=\"width: 71.1333px;\"><span style=\"font-size: 8pt;\">NOVEMBRO<\/span><\/td>\n<td style=\"width: 75.1333px;\"><span style=\"font-size: 10pt;\">2<\/span><\/td>\n<td style=\"width: 181.317px;\"><span style=\"font-size: 10pt;\">\u201cCaminhada para Todos\u201d<\/span><\/td>\n<td style=\"width: 118.217px;\"><span style=\"font-size: 10pt;\">Fafe<\/span><\/td>\n<td style=\"width: 110.2px;\"><span style=\"font-size: 10pt;\">Pedestrianismo<\/span><\/td>\n<\/tr>\n<tr>\n<td style=\"width: 71.1333px;\"><span style=\"font-size: 8pt;\">NOVEMBRO<\/span><\/td>\n<td style=\"width: 75.1333px;\"><span style=\"font-size: 10pt;\"><em>&lt;a marcar&gt;<\/em><\/span><\/td>\n<td style=\"width: 181.317px;\"><span style=\"font-size: 10pt;\">Reciclagem de Papel<\/span><\/td>\n<td style=\"width: 118.217px;\"><span style=\"font-size: 10pt;\">Guimar\u00e3es<\/span><\/td>\n<td style=\"width: 110.2px;\"><span style=\"font-size: 10pt;\">Cultural<\/span><\/td>\n<\/tr>\n<tr>\n<td style=\"width: 71.1333px;\"><span style=\"font-size: 8pt;\">DEZEMBRO<\/span><\/td>\n<td style=\"width: 75.1333px;\"><span style=\"font-size: 10pt;\">26 a 29<\/span><\/td>\n<td style=\"width: 181.317px;\"><span style=\"font-size: 10pt;\">Projeto Grandes Rotas, GR11<\/span><\/td>\n<td style=\"width: 118.217px;\"><span style=\"font-size: 10pt;\">Santiago do Cac\u00e9m<\/span><\/td>\n<td style=\"width: 110.2px;\"><span style=\"font-size: 10pt;\">Pedestrianismo<\/span><\/td>\n<\/tr>\n<\/tbody>\n<\/table>\n<p>&nbsp;<\/p>\n<p>&nbsp;<\/p>\n","protected":false},"excerpt":{"rendered":"<p>Plano de atividades da Vento Norte para 2019<\/p>\n","protected":false},"author":1,"featured_media":1489,"comment_status":"open","ping_status":"open","sticky":false,"template":"","format":"standard","meta":{"ngg_post_thumbnail":0,"footnotes":""},"categories":[12],"tags":[],"class_list":["post-3788","post","type-post","status-publish","format-standard","has-post-thumbnail","hentry","category-geral"],"_links":{"self":[{"href":"https:\/\/www.ventonorte.com\/index.php?rest_route=\/wp\/v2\/posts\/3788","targetHints":{"allow":["GET"]}}],"collection":[{"href":"https:\/\/www.ventonorte.com\/index.php?rest_route=\/wp\/v2\/posts"}],"about":[{"href":"https:\/\/www.ventonorte.com\/index.php?rest_route=\/wp\/v2\/types\/post"}],"author":[{"embeddable":true,"href":"https:\/\/www.ventonorte.com\/index.php?rest_route=\/wp\/v2\/users\/1"}],"replies":[{"embeddable":true,"href":"https:\/\/www.ventonorte.com\/index.php?rest_route=%2Fwp%2Fv2%2Fcomments&post=3788"}],"version-history":[{"count":6,"href":"https:\/\/www.ventonorte.com\/index.php?rest_route=\/wp\/v2\/posts\/3788\/revisions"}],"predecessor-version":[{"id":3925,"href":"https:\/\/www.ventonorte.com\/index.php?rest_route=\/wp\/v2\/posts\/3788\/revisions\/3925"}],"wp:featuredmedia":[{"embeddable":true,"href":"https:\/\/www.ventonorte.com\/index.php?rest_route=\/wp\/v2\/media\/1489"}],"wp:attachment":[{"href":"https:\/\/www.ventonorte.com\/index.php?rest_route=%2Fwp%2Fv2%2Fmedia&parent=3788"}],"wp:term":[{"taxonomy":"category","embeddable":true,"href":"https:\/\/www.ventonorte.com\/index.php?rest_route=%2Fwp%2Fv2%2Fcategories&post=3788"},{"taxonomy":"post_tag","embeddable":true,"href":"https:\/\/www.ventonorte.com\/index.php?rest_route=%2Fwp%2Fv2%2Ftags&post=3788"}],"curies":[{"name":"wp","href":"https:\/\/api.w.org\/{rel}","templated":true}]}}