{"id":3816,"date":"2019-07-07T17:41:18","date_gmt":"2019-07-07T17:41:18","guid":{"rendered":"http:\/\/www.ventonorte.com\/?p=3816"},"modified":"2019-09-10T14:34:22","modified_gmt":"2019-09-10T14:34:22","slug":"sempre-o-coura-13-07-2019","status":"publish","type":"post","link":"https:\/\/www.ventonorte.com\/?p=3816","title":{"rendered":"Sempre o Coura!&#8230; [13\/07\/2019]"},"content":{"rendered":"<h1 style=\"text-align: center;\"><img loading=\"lazy\" decoding=\"async\" class=\"aligncenter wp-image-300\" src=\"http:\/\/www.ventonorte.com\/wp-content\/uploads\/Canoagem1-300x225.jpg\" alt=\"\" width=\"530\" height=\"398\" srcset=\"https:\/\/www.ventonorte.com\/wp-content\/uploads\/Canoagem1-300x225.jpg 300w, https:\/\/www.ventonorte.com\/wp-content\/uploads\/Canoagem1-150x112.jpg 150w, https:\/\/www.ventonorte.com\/wp-content\/uploads\/Canoagem1.jpg 640w\" sizes=\"auto, (max-width: 530px) 100vw, 530px\" \/><\/h1>\n<h1 style=\"text-align: center;\">Sempre o Coura!&#8230;<\/h1>\n<h2 style=\"text-align: center;\">Caminha \u2013 Vilar de Mouros &#8211; Caminha<\/h2>\n<h3 style=\"text-align: center;\">13\/07\/2019<\/h3>\n<p>&nbsp;<\/p>\n<h3>Programa<\/h3>\n<ul>\n<li>08h00 \u2013 Sa\u00edda de V. N. de Famalic\u00e3o.<\/li>\n<li>10h00 \u2013 Chegada a Caminha.<\/li>\n<li>10h30 \u2013 In\u00edcio da actividade, junto \u00e0 foz do Coura.<\/li>\n<li>12h30 \u2013 Chegada a Vilar de Mouros.<\/li>\n<li>12h30 \u2013 14h00 \u2013 Mergulhos e almo\u00e7o.<\/li>\n<li>14h00 \u2013 De regresso a Caminha.<\/li>\n<li>16h00 \u2013 Chegada a Caminha.<\/li>\n<\/ul>\n<p>Este programa \u00e9 indicativo, podendo sofrer altera\u00e7\u00f5es no decurso da actividade.<\/p>\n<p style=\"text-align: center;\">&nbsp;<br \/>\n<span style=\"color: #ff0000;\">OS PARTICIPANTES DEVEM SABER NADAR.<\/span><\/p>\n<p style=\"text-align: center;\"><span style=\"color: #ff0000;\">\u00c9 OBRIGAT\u00d3RIO O USO DE UM COLETE SALVA-VIDAS<\/span><br \/>\n<span style=\"color: #ff0000;\">(a fornecer pela organiza\u00e7\u00e3o).<\/span>&nbsp;<\/p>\n<h3>Inscri\u00e7\u00f5es<\/h3>\n<ul>\n<li>Custo\n<ul>\n<li>Associado &#8211; Adulto: 2,5\u20ac<\/li>\n<li>Associado &#8211; Crian\u00e7a\/Estudante: 0\u20ac<\/li>\n<li>N\u00e3o Associado &#8211; Adulto: 15\u20ac<\/li>\n<li>N\u00e3o Associado &#8211; Crian\u00e7a\/Estudante: 7,5\u20ac<\/li>\n<\/ul>\n<\/li>\n<li>Os participantes devem <strong>inscrever-se at\u00e9 ao dia 11 de Julho,<\/strong> indicando:\n<ul>\n<li>o nome,<\/li>\n<li>o n\u00famero do Bilhete de Identidade (ou Cart\u00e3o de Cidad\u00e3o),<\/li>\n<li>o n\u00famero de Identifica\u00e7\u00e3o Fiscal,<\/li>\n<li>a data de nascimento.<\/li>\n<\/ul>\n<\/li>\n<li>A inscri\u00e7\u00e3o dever\u00e1 ser feita para o endere\u00e7o <a href=\"mailto:filinto.trigo@gmail.com\">filinto.trigo@gmail.com<\/a> com a indica\u00e7\u00e3o do <strong>assunto \u2013 Canoagem Rio Coura<\/strong><\/li>\n<li>A inscri\u00e7\u00e3o \u00e9 v\u00e1lida ap\u00f3s o pagamento da quantia fixada \u2013 <strong>NIB 0033 0000 0019 2780 614 0 5<\/strong> (Vento Norte)<\/li>\n<li>\u00c9 obrigat\u00f3rio possuir seguro para participar na atividade. O seguro anual da Vento Norte tem o valor de 5\u20ac por pessoa, sendo v\u00e1lido para todas as atividades Vento Norte realizadas at\u00e9 ao final deste ano.<\/li>\n<\/ul>\n<p>&nbsp;<\/p>\n<p>Para mais informa\u00e7\u00f5es poder\u00e3o contactar o telem\u00f3vel 914765188 (Filinto)<\/p>\n<p>&nbsp;<\/p>\n<p>&nbsp;<\/p>\n","protected":false},"excerpt":{"rendered":"<p>Sempre o Coura!\u2026<br \/>\nCaminha \u2013 Vilar de Mouros \u2013 Caminha<br \/>\n13\/07\/2019<\/p>\n","protected":false},"author":1,"featured_media":300,"comment_status":"open","ping_status":"open","sticky":false,"template":"","format":"standard","meta":{"ngg_post_thumbnail":0,"footnotes":""},"categories":[3],"tags":[],"class_list":["post-3816","post","type-post","status-publish","format-standard","has-post-thumbnail","hentry","category-canoagem"],"_links":{"self":[{"href":"https:\/\/www.ventonorte.com\/index.php?rest_route=\/wp\/v2\/posts\/3816","targetHints":{"allow":["GET"]}}],"collection":[{"href":"https:\/\/www.ventonorte.com\/index.php?rest_route=\/wp\/v2\/posts"}],"about":[{"href":"https:\/\/www.ventonorte.com\/index.php?rest_route=\/wp\/v2\/types\/post"}],"author":[{"embeddable":true,"href":"https:\/\/www.ventonorte.com\/index.php?rest_route=\/wp\/v2\/users\/1"}],"replies":[{"embeddable":true,"href":"https:\/\/www.ventonorte.com\/index.php?rest_route=%2Fwp%2Fv2%2Fcomments&post=3816"}],"version-history":[{"count":6,"href":"https:\/\/www.ventonorte.com\/index.php?rest_route=\/wp\/v2\/posts\/3816\/revisions"}],"predecessor-version":[{"id":3827,"href":"https:\/\/www.ventonorte.com\/index.php?rest_route=\/wp\/v2\/posts\/3816\/revisions\/3827"}],"wp:featuredmedia":[{"embeddable":true,"href":"https:\/\/www.ventonorte.com\/index.php?rest_route=\/wp\/v2\/media\/300"}],"wp:attachment":[{"href":"https:\/\/www.ventonorte.com\/index.php?rest_route=%2Fwp%2Fv2%2Fmedia&parent=3816"}],"wp:term":[{"taxonomy":"category","embeddable":true,"href":"https:\/\/www.ventonorte.com\/index.php?rest_route=%2Fwp%2Fv2%2Fcategories&post=3816"},{"taxonomy":"post_tag","embeddable":true,"href":"https:\/\/www.ventonorte.com\/index.php?rest_route=%2Fwp%2Fv2%2Ftags&post=3816"}],"curies":[{"name":"wp","href":"https:\/\/api.w.org\/{rel}","templated":true}]}}