{"id":3929,"date":"2024-05-13T15:17:00","date_gmt":"2024-05-13T15:17:00","guid":{"rendered":"https:\/\/www.ventonorte.com\/?p=3929"},"modified":"2024-06-25T09:04:11","modified_gmt":"2024-06-25T09:04:11","slug":"dos-3-aos-80-s-joao-do-campo-geres-8-a-10-06-2024","status":"publish","type":"post","link":"https:\/\/www.ventonorte.com\/?p=3929","title":{"rendered":"\u201cDos 3 aos 80\u201d &#8211; S. Jo\u00e3o do Campo (Ger\u00eas) [8 a 10\/06\/2024]"},"content":{"rendered":"<h1 style=\"text-align: center;\"><img loading=\"lazy\" decoding=\"async\" class=\"size-medium wp-image-640 aligncenter\" src=\"http:\/\/www.ventonorte.com\/wp-content\/uploads\/3aos80_2-300x289.jpg\" alt=\"Dos 3 aos 80\" width=\"300\" height=\"289\" srcset=\"https:\/\/www.ventonorte.com\/wp-content\/uploads\/3aos80_2-300x289.jpg 300w, https:\/\/www.ventonorte.com\/wp-content\/uploads\/3aos80_2-150x144.jpg 150w, https:\/\/www.ventonorte.com\/wp-content\/uploads\/3aos80_2-1023x987.jpg 1023w, https:\/\/www.ventonorte.com\/wp-content\/uploads\/3aos80_2.jpg 1249w\" sizes=\"auto, (max-width: 300px) 100vw, 300px\" \/><br \/>\n\u201cDos 3 aos 80\u201d<\/h1>\n<h2 style=\"text-align: center;\">Parque de Campismo da Cerdeira<\/h2>\n<p style=\"text-align: center;\"><a href=\"https:\/\/parquecerdeira.com\/\">Parque Cerdeira &#8211; Camping &#8211; Bungalow &#8211; Atividades no Ger\u00eas<\/a><\/p>\n<h2 style=\"text-align: center;\">S. Jo\u00e3o do Campo<\/h2>\n<h3 style=\"text-align: center;\">8 a 10 Junho de 2024<\/h3>\n<h3 style=\"text-align: center;\">&nbsp;<\/h3>\n<h2 style=\"text-align: center;\">Programa<br \/>\n\u201cRegresso a Vilarinho da Furna\u201d<\/h2>\n<p>&nbsp;<\/p>\n<h3>S\u00e1bado<\/h3>\n<ul>\n<li>10h30 \u2013 Recep\u00e7\u00e3o dos participantes<br \/>\n\u2013 Montar tendas<br \/>\n\u2013 Reconhecimento do Parque de Campismo<\/li>\n<li>12h30 \u2013 Almo\u00e7o<\/li>\n<li>14h00 \u2013 Museu Etnogr\u00e1fico de Vilarinho da Furna<\/li>\n<li>15h00 \u2013 Atrav\u00e9s da fenda da Calced\u00f3nia<\/li>\n<li>17h30 \u2013 Regresso ao Parque de Campismo<\/li>\n<li>19h30 \u2013 Repasto<\/li>\n<li>21h00 \u2013 Observa\u00e7\u00e3o nocturna de insectos<\/li>\n<li>22h30 \u2013 Recolher<\/li>\n<\/ul>\n<h3>Domingo<\/h3>\n<ul>\n<li>8h30 \u2013 Acordar. Pequeno-almo\u00e7o<\/li>\n<li>10h00 \u2013 Oficina de microsc\u00f3pios, telesc\u00f3pios e lupas<\/li>\n<li>11h30 \u2013 Caminhada at\u00e9 Vilarinho da Furna<br \/>\n\u2013 Piquenique<br \/>\n\u2013 Oficina de fotografia<br \/>\n\u2013 Jogos<\/li>\n<li>18h00 \u2013 Regresso ao Parque de Campismo<\/li>\n<li>19h30 \u2013 Repasto<\/li>\n<li>21h00 \u2013 Hora do conto<\/li>\n<li>22h30 \u2013 Recolher<\/li>\n<\/ul>\n<h3>Segunda-feira<\/h3>\n<ul>\n<li>8h30 \u2013 Acordar. Pequeno-almo\u00e7o<\/li>\n<li>10h00 \u2013 Trilho da \u00c1guia do Sarilh\u00e3o<\/li>\n<li>12h00 \u2013 Regresso ao Parque de Campismo<\/li>\n<li>13h00 \u2013 Almo\u00e7o<\/li>\n<li>16h00 \u2013 Regresso a casa<\/li>\n<\/ul>\n<h3>NOTAS:<\/h3>\n<p><strong>Pre\u00e7o para adulto \u2013 6 euros (pre\u00e7o para associados); 12 euros (pre\u00e7o para n\u00e3o associados)<\/strong><\/p>\n<p><strong>Pre\u00e7o para crian\u00e7a \u2013 3 euros (pre\u00e7o para crian\u00e7as associadas); 5 euros (pre\u00e7o para crian\u00e7as n\u00e3o associadas)<\/strong><\/p>\n<p><strong>O alojamento, a alimenta\u00e7\u00e3o e o transporte estar\u00e3o a cargo dos participantes. A inscri\u00e7\u00e3o inclui um seguro de acidentes pessoais e a entrada no Museu.<\/strong><\/p>\n<p>A inscri\u00e7\u00e3o dever\u00e1 ser preenchida no Google Forms at\u00e9 ao dia <strong>22 de Maio<\/strong>:<\/p>\n<p>&nbsp;<\/p>\n<p style=\"text-align: center;\"><span style=\"font-size: 18pt;\"> <a href=\"https:\/\/docs.google.com\/forms\/d\/e\/1FAIpQLScLBgqoq7ZOWZPbWQcZIHenN0qSOxu6u2YoS_kfwArUaE413w\/viewform?vc=0&amp;c=0&amp;w=1&amp;flr=0\"><span style=\"text-decoration: underline;\">Ficha de inscri\u00e7\u00e3o<\/span><\/a> <\/span><\/p>\n<p style=\"text-align: center;\">A inscri\u00e7\u00e3o \u00e9 v\u00e1lida ap\u00f3s o pagamento da quantia fixada&nbsp;<\/p>\n<p style=\"text-align: center;\"><span style=\"color: #3366ff;\">IBAN PT50 0033 0000 0019 2780 614 0 5<\/span> (Vento Norte)<\/p>\n<p style=\"text-align: center;\">Enviar comprovativo banc\u00e1rio para <a href=\"mailto:tabreu78@gmail.com\">tabreu78@gmail.com<\/a> (Tiago Abreu)<\/p>\n<h3 style=\"text-align: center;\">&nbsp;<\/h3>\n<p>&nbsp;<\/p>\n<p style=\"padding-left: 30px;\">&nbsp;<\/p>\n<p>&nbsp;<\/p>\n<p>.<\/p>\n","protected":false},"excerpt":{"rendered":"<p>\u201cDos 3 aos 80\u201d<br \/>\nParque de Campismo da Cerdeira<br \/>\nS. Jo\u00e3o do Campo<br \/>\n8 a 10 Junho de 2024<br \/>\n\u201cRegresso a Vilarinho da Furna<\/p>\n","protected":false},"author":1,"featured_media":640,"comment_status":"open","ping_status":"open","sticky":false,"template":"","format":"standard","meta":{"ngg_post_thumbnail":0,"footnotes":""},"categories":[12],"tags":[],"class_list":["post-3929","post","type-post","status-publish","format-standard","has-post-thumbnail","hentry","category-geral"],"_links":{"self":[{"href":"https:\/\/www.ventonorte.com\/index.php?rest_route=\/wp\/v2\/posts\/3929","targetHints":{"allow":["GET"]}}],"collection":[{"href":"https:\/\/www.ventonorte.com\/index.php?rest_route=\/wp\/v2\/posts"}],"about":[{"href":"https:\/\/www.ventonorte.com\/index.php?rest_route=\/wp\/v2\/types\/post"}],"author":[{"embeddable":true,"href":"https:\/\/www.ventonorte.com\/index.php?rest_route=\/wp\/v2\/users\/1"}],"replies":[{"embeddable":true,"href":"https:\/\/www.ventonorte.com\/index.php?rest_route=%2Fwp%2Fv2%2Fcomments&post=3929"}],"version-history":[{"count":11,"href":"https:\/\/www.ventonorte.com\/index.php?rest_route=\/wp\/v2\/posts\/3929\/revisions"}],"predecessor-version":[{"id":3961,"href":"https:\/\/www.ventonorte.com\/index.php?rest_route=\/wp\/v2\/posts\/3929\/revisions\/3961"}],"wp:featuredmedia":[{"embeddable":true,"href":"https:\/\/www.ventonorte.com\/index.php?rest_route=\/wp\/v2\/media\/640"}],"wp:attachment":[{"href":"https:\/\/www.ventonorte.com\/index.php?rest_route=%2Fwp%2Fv2%2Fmedia&parent=3929"}],"wp:term":[{"taxonomy":"category","embeddable":true,"href":"https:\/\/www.ventonorte.com\/index.php?rest_route=%2Fwp%2Fv2%2Fcategories&post=3929"},{"taxonomy":"post_tag","embeddable":true,"href":"https:\/\/www.ventonorte.com\/index.php?rest_route=%2Fwp%2Fv2%2Ftags&post=3929"}],"curies":[{"name":"wp","href":"https:\/\/api.w.org\/{rel}","templated":true}]}}