{"id":420,"date":"2010-02-05T12:40:23","date_gmt":"2010-02-05T12:40:23","guid":{"rendered":"http:\/\/www.ventonorte.com\/wordpress\/?p=420"},"modified":"2010-03-10T15:14:23","modified_gmt":"2010-03-10T15:14:23","slug":"assembleia-geral","status":"publish","type":"post","link":"https:\/\/www.ventonorte.com\/?p=420","title":{"rendered":"Assembleia Geral"},"content":{"rendered":"<p style=\"text-align: justify;\"><a rel=\"attachment wp-att-421\" href=\"http:\/\/www.ventonorte.com\/?attachment_id=421\"><img loading=\"lazy\" decoding=\"async\" class=\"size-medium wp-image-421 alignright\" style=\"margin: 4px 9px;\" title=\"VN-reuni\u00e3o\" src=\"http:\/\/www.ventonorte.com\/wordpress\/wp-content\/uploads\/VN-reuni\u00e3o_s-300x219.jpg\" alt=\"\" width=\"300\" height=\"219\" srcset=\"https:\/\/www.ventonorte.com\/wp-content\/uploads\/VN-reuni\u00e3o_s-300x219.jpg 300w, https:\/\/www.ventonorte.com\/wp-content\/uploads\/VN-reuni\u00e3o_s-150x109.jpg 150w, https:\/\/www.ventonorte.com\/wp-content\/uploads\/VN-reuni\u00e3o_s.jpg 561w\" sizes=\"auto, (max-width: 300px) 100vw, 300px\" \/><\/a>Decorreu no passado dia 5 de Fevereiro mais uma Assembleia Geral da Associa\u00e7\u00e3o Vento Norte, onde foi discutido o ano que passou e se apresentou o plano para o ano de 2010.<\/p>\n<p style=\"text-align: justify;\">Eis a acta dos trabalhos:<\/p>\n<p style=\"text-align: justify;\"><span style=\"color: #ffffff;\">.<\/span><\/p>\n<p><span style=\"color: #ffffff;\">.<\/span><\/p>\n<p style=\"text-align: justify;\"><span style=\"color: #ffffff;\"> <\/span><\/p>\n<p style=\"text-align: justify;\"><span style=\"color: #ffffff;\">.<\/span><\/p>\n<p style=\"text-align: justify;\">\n<p style=\"text-align: justify;\">\n<p style=\"text-align: justify;\">\n<hr \/>\n<p>Aos cinco dias do m\u00eas de Fevereiro de dois mil e dez, pelas vinte e uma horas, reuniu a Assembleia-geral da Associa\u00e7\u00e3o \u201cVento Norte\u201d, na Casa da Juventude de Brufe, com a seguinte ordem de trabalhos:<\/p>\n<p style=\"text-align: justify;\">\n<p style=\"padding-left: 30px; text-align: justify;\"><strong>Ponto um<\/strong>:      Leitura e vota\u00e7\u00e3o da acta da assembleia anterior;<br \/>\n<strong>Ponto dois<\/strong>:      Apresenta\u00e7\u00e3o e vota\u00e7\u00e3o do relat\u00f3rio e contas da direc\u00e7\u00e3o, relativos ao ano de 2009;<br \/>\n<strong>Ponto tr\u00eas<\/strong>:      Aprecia\u00e7\u00e3o das actividades de 2009;<br \/>\n<strong>Ponto quatro<\/strong>:      Apresenta\u00e7\u00e3o e vota\u00e7\u00e3o do plano de actividades para 2010;<br \/>\n<strong>Ponto cinco<\/strong>:      Outros assuntos.<\/p>\n<p style=\"text-align: justify;\">Pelas vinte e uma horas e trinta minutos, o Presidente da Assembleia, Lu\u00eds Salgado, declarou aberta a reuni\u00e3o, ap\u00f3s constatar a presen\u00e7a de menos de metade dos associados.<\/p>\n<p style=\"text-align: justify;\">De seguida, foi lida e aprovada por unanimidade, a acta da Assembleia anterior. Foi ainda aceite a proposta do associado Filinto Trigo, de se passar a remeter a proposta de acta com a convocat\u00f3ria para a reuni\u00e3o.<\/p>\n<p style=\"text-align: justify;\">Dando seguimento \u00e0 reuni\u00e3o, o presidente passou a palavra \u00e0 Tesoureira, Marisa Azevedo, a qual apresentou o relat\u00f3rio e contas da direc\u00e7\u00e3o relativo ao ano de dois mil e nove. Foi apresentado o resultado l\u00edquido do exerc\u00edcio no valor de novecentos e oitenta e cinco euros e vinte e cinco c\u00eantimos, sendo que o grosso das receitas proveio das quotas dos associados. A tesoureira informou ainda que os custos com comunica\u00e7\u00f5es\/correio ter\u00e3o tend\u00eancia a diminuir, pois n\u00e3o se pretende continuar a subscrever o servi\u00e7o de internet.<\/p>\n<p style=\"text-align: justify;\">Passando para o terceiro ponto da ordem de trabalhos, o presidente deu a palavra aos respons\u00e1veis por cada um dos departamentos, para que procedessem \u00e0 apresenta\u00e7\u00e3o das actividades realizadas no ano transacto. Realizada esta apresenta\u00e7\u00e3o por todos os departamentos, excepto o de BTT, cujo respons\u00e1vel n\u00e3o esteve presente, os associados enalteceram a diversidade e quantidade de actividades desenvolvidas.<\/p>\n<p style=\"text-align: justify;\">No \u00e2mbito do quarto ponto da ordem de trabalhos, os respons\u00e1veis pelos diversos departamentos foram novamente solicitados a apresentar as propostas de actividades para o ano de dois mil e dez. Tomou a palavra o respons\u00e1vel pelo departamento de canoagem, que apresentou proposta de duas actividades a realizar em dois mil e dez. Seguiu-se a respons\u00e1vel pelo departamento de Conserva\u00e7\u00e3o da Natureza\/Educa\u00e7\u00e3o ambiental, que deu especial realce \u00e0 integra\u00e7\u00e3o no projecto \u201cLimpar Portugal\u201d, no \u00e2mbito do qual e pretende proceder \u00e0 limpeza das margens do Rio Este, no pr\u00f3ximo dia vinte de Mar\u00e7o. No seguimento da apresenta\u00e7\u00e3o dos pormenores log\u00edsticos para a realiza\u00e7\u00e3o desta actividade, foi sugerido que se fizesse a separa\u00e7\u00e3o do lixo e que se usassem sacos reutiliz\u00e1veis na recolha do lixo.<\/p>\n<p style=\"text-align: justify;\">O respons\u00e1vel pelo departamento de montanhismo apresentou a proposta de actividades para o presente ano, destacando a travessia da Madeira a p\u00e9, as actividades nos Picos da Europa e Alpes, deixando em aberto a possibilidade da ascens\u00e3o ao Elbros, na R\u00fassia.<\/p>\n<p style=\"text-align: justify;\">Quanto ao departamento de fotografia, foram apresentadas propostas de duas actividades, com destaque para um fim-de-semana no parque de Montesinho.<\/p>\n<p style=\"text-align: justify;\">Colocado \u00e0 vota\u00e7\u00e3o, o Plano de Actividades foi aprovado por unanimidade.<\/p>\n<p style=\"text-align: justify;\">Relativamente ao \u00faltimo ponto da ordem de trabalhos, o presidente da mesa da Assembleia, informou os presentes de que a Associa\u00e7\u00e3o tem nova sede, situada na loja n\u00famero oito, no complexo da Central de Camionagem.<\/p>\n<p style=\"text-align: justify;\">Para finalizar interveio o presidente da direc\u00e7\u00e3o, o qual informou que na actividade sobre biodiversidade, a realizar no dia um de Maio, contaremos com a presen\u00e7a de v\u00e1rios especialistas nesta tem\u00e1tica.<\/p>\n<p style=\"text-align: justify;\">E nada mais havendo a tratar, encerrou-se a reuni\u00e3o, da qual foi lavrada a presente acta, a ser aprovada e assinada nos termos da lei.<\/p>\n","protected":false},"excerpt":{"rendered":"<p>Decorreu no passado dia 5 de Fevereiro de 2010 mais uma Assembleia Geral da associa\u00e7\u00e3o.<\/p>\n","protected":false},"author":1,"featured_media":421,"comment_status":"open","ping_status":"open","sticky":false,"template":"","format":"standard","meta":{"ngg_post_thumbnail":0,"footnotes":""},"categories":[12],"tags":[],"class_list":["post-420","post","type-post","status-publish","format-standard","has-post-thumbnail","hentry","category-geral"],"_links":{"self":[{"href":"https:\/\/www.ventonorte.com\/index.php?rest_route=\/wp\/v2\/posts\/420","targetHints":{"allow":["GET"]}}],"collection":[{"href":"https:\/\/www.ventonorte.com\/index.php?rest_route=\/wp\/v2\/posts"}],"about":[{"href":"https:\/\/www.ventonorte.com\/index.php?rest_route=\/wp\/v2\/types\/post"}],"author":[{"embeddable":true,"href":"https:\/\/www.ventonorte.com\/index.php?rest_route=\/wp\/v2\/users\/1"}],"replies":[{"embeddable":true,"href":"https:\/\/www.ventonorte.com\/index.php?rest_route=%2Fwp%2Fv2%2Fcomments&post=420"}],"version-history":[{"count":41,"href":"https:\/\/www.ventonorte.com\/index.php?rest_route=\/wp\/v2\/posts\/420\/revisions"}],"predecessor-version":[{"id":552,"href":"https:\/\/www.ventonorte.com\/index.php?rest_route=\/wp\/v2\/posts\/420\/revisions\/552"}],"wp:featuredmedia":[{"embeddable":true,"href":"https:\/\/www.ventonorte.com\/index.php?rest_route=\/wp\/v2\/media\/421"}],"wp:attachment":[{"href":"https:\/\/www.ventonorte.com\/index.php?rest_route=%2Fwp%2Fv2%2Fmedia&parent=420"}],"wp:term":[{"taxonomy":"category","embeddable":true,"href":"https:\/\/www.ventonorte.com\/index.php?rest_route=%2Fwp%2Fv2%2Fcategories&post=420"},{"taxonomy":"post_tag","embeddable":true,"href":"https:\/\/www.ventonorte.com\/index.php?rest_route=%2Fwp%2Fv2%2Ftags&post=420"}],"curies":[{"name":"wp","href":"https:\/\/api.w.org\/{rel}","templated":true}]}}