{"id":457,"date":"2010-01-22T15:27:51","date_gmt":"2010-01-22T15:27:51","guid":{"rendered":"http:\/\/www.ventonorte.com\/wordpress\/?p=457"},"modified":"2010-02-28T15:57:12","modified_gmt":"2010-02-28T15:57:12","slug":"carta-aos-associados-ao-terminar-2009","status":"publish","type":"post","link":"https:\/\/www.ventonorte.com\/?p=457","title":{"rendered":"Carta aos associados ao terminar 2009"},"content":{"rendered":"<p style=\"text-align: justify;\"><a rel=\"attachment wp-att-455\" href=\"http:\/\/www.ventonorte.com\/wordpress\/?attachment_id=455\"><img loading=\"lazy\" decoding=\"async\" class=\"alignright size-medium wp-image-455\" style=\"margin: 4px 9px;\" title=\"Ventnor1_peq\" src=\"http:\/\/www.ventonorte.com\/wordpress\/wp-content\/uploads\/Ventnor1_peq-300x289.jpg\" alt=\"\" width=\"300\" height=\"289\" srcset=\"https:\/\/www.ventonorte.com\/wp-content\/uploads\/Ventnor1_peq-300x289.jpg 300w, https:\/\/www.ventonorte.com\/wp-content\/uploads\/Ventnor1_peq-150x144.jpg 150w, https:\/\/www.ventonorte.com\/wp-content\/uploads\/Ventnor1_peq.jpg 412w\" sizes=\"auto, (max-width: 300px) 100vw, 300px\" \/><\/a>Caros Associados:<\/p>\n<p style=\"text-align: justify;\">Num tempo em que o pa\u00eds centra as discuss\u00f5es, invariavelmente, em torno da economia, alguns grupos de cidad\u00e3os h\u00e1 que v\u00e3o procurando valorizar outros aspectos cuja import\u00e2ncia se lhes afigura determinante.<\/p>\n<p style=\"text-align: justify;\">Integramos um desses grupos que acredita nos resultados vindouros da educa\u00e7\u00e3o ambiental e do esfor\u00e7o em conservar a Natureza.<\/p>\n<p style=\"text-align: justify;\">Alturas houve em que parecia andarmos na crista da onda, defendendo valores ambientais, porque v\u00edamos proliferar o termo \u201cambiente\u201d e o prefixo \u201ceco\u201d, aplicados de forma leviana a tudo o que se vendia.<\/p>\n<p style=\"text-align: justify;\">Actualmente, tamb\u00e9m nos poder\u00edamos sentir como pioneiros por ouvirmos constantemente repetido o termo sustent\u00e1vel, cujo significado tanto aprego\u00e1mos.<\/p>\n<p style=\"text-align: justify;\">Infelizmente, entendemos que s\u00e3o modas que apenas surgem porque associadas ao lucro.<\/p>\n<p style=\"text-align: justify;\">\u00c0 margem destes comportamentos, procuramos continuar a nossa cruzada, paulatinamente, mobilizando anualmente centenas de participantes nas nossas iniciativas. Com mais ou menos mediatismo, vamos mantendo um fluxo permanente de ac\u00e7\u00f5es centradas nos objectivos que levaram \u00e0 constitui\u00e7\u00e3o da Associa\u00e7\u00e3o.<\/p>\n<p style=\"text-align: justify;\">O ano de 2010 n\u00e3o ser\u00e1 excep\u00e7\u00e3o. <strong>Ano Internacional da Biodiversidade<\/strong>, procuraremos record\u00e1-la quando limparmos Portugal, quando aprendermos algo sobre as algas, quando observarmos aves no pa\u00fal, quando passearmos pelas serras, nas levadas da Madeira, fotografando o Outono em Montesinho, revisitando o Coura de canoa ou quando acamparmos com os nossos filhos no fim-de-semana \u201cDos 3 aos 80\u201d.<\/p>\n<p style=\"text-align: justify;\">E a importante partilha de todas esta experi\u00eancias, que nos mant\u00e9m entusiasmados, dever\u00e1 acontecer nas reuni\u00f5es semanais \u00e0s quartas-feiras, \u00e0s 21h30, na <strong>nova sede da Vento Norte<\/strong>, na loja 8 da Central de Camionetas; ou, aproveitando as novas tecnologias, atrav\u00e9s do <strong>F\u00f3rum Vento Norte<\/strong>, dispon\u00edvel em <a href=\"..\/..\/\">www.ventonorte.com<\/a><\/p>\n<p style=\"text-align: justify;\"><strong>O programa de actividades 2010<\/strong> est\u00e1 j\u00e1 dispon\u00edvel. Esperamos que seja do teu agrado.<\/p>\n<p style=\"text-align: right;\">A Direc\u00e7\u00e3o<\/p>\n<p style=\"text-align: right;\">\n","protected":false},"excerpt":{"rendered":"<p>Caros Associados:<br \/>\nNum tempo em que o pa\u00eds centra as discuss\u00f5es, invariavelmente, em torno da economia, alguns grupos de cidad\u00e3os h\u00e1 que v\u00e3o procurando valorizar outros aspectos cuja import\u00e2ncia se lhes afigura determinante.<br \/>\nIntegramos um desses grupos que acredita nos resultados vindouros da educa\u00e7\u00e3o ambiental e do esfor\u00e7o em conservar a Natureza.<br \/>\nAlturas houve em que parecia andarmos na crista da onda, defendendo valores ambientais, porque v\u00edamos proliferar o termo \u201cambiente\u201d e o prefixo \u201ceco\u201d, aplicados de forma leviana a tudo o que se vendia.<br \/>\nActualmente, tamb\u00e9m nos poder\u00edamos sentir como pioneiros por ouvirmos &#8230;<\/p>\n","protected":false},"author":1,"featured_media":455,"comment_status":"open","ping_status":"open","sticky":false,"template":"","format":"standard","meta":{"ngg_post_thumbnail":0,"footnotes":""},"categories":[12],"tags":[],"class_list":["post-457","post","type-post","status-publish","format-standard","has-post-thumbnail","hentry","category-geral"],"_links":{"self":[{"href":"https:\/\/www.ventonorte.com\/index.php?rest_route=\/wp\/v2\/posts\/457","targetHints":{"allow":["GET"]}}],"collection":[{"href":"https:\/\/www.ventonorte.com\/index.php?rest_route=\/wp\/v2\/posts"}],"about":[{"href":"https:\/\/www.ventonorte.com\/index.php?rest_route=\/wp\/v2\/types\/post"}],"author":[{"embeddable":true,"href":"https:\/\/www.ventonorte.com\/index.php?rest_route=\/wp\/v2\/users\/1"}],"replies":[{"embeddable":true,"href":"https:\/\/www.ventonorte.com\/index.php?rest_route=%2Fwp%2Fv2%2Fcomments&post=457"}],"version-history":[{"count":12,"href":"https:\/\/www.ventonorte.com\/index.php?rest_route=\/wp\/v2\/posts\/457\/revisions"}],"predecessor-version":[{"id":469,"href":"https:\/\/www.ventonorte.com\/index.php?rest_route=\/wp\/v2\/posts\/457\/revisions\/469"}],"wp:featuredmedia":[{"embeddable":true,"href":"https:\/\/www.ventonorte.com\/index.php?rest_route=\/wp\/v2\/media\/455"}],"wp:attachment":[{"href":"https:\/\/www.ventonorte.com\/index.php?rest_route=%2Fwp%2Fv2%2Fmedia&parent=457"}],"wp:term":[{"taxonomy":"category","embeddable":true,"href":"https:\/\/www.ventonorte.com\/index.php?rest_route=%2Fwp%2Fv2%2Fcategories&post=457"},{"taxonomy":"post_tag","embeddable":true,"href":"https:\/\/www.ventonorte.com\/index.php?rest_route=%2Fwp%2Fv2%2Ftags&post=457"}],"curies":[{"name":"wp","href":"https:\/\/api.w.org\/{rel}","templated":true}]}}