{"id":612,"date":"2010-04-23T15:25:44","date_gmt":"2010-04-23T15:25:44","guid":{"rendered":"http:\/\/www.ventonorte.com\/?p=612"},"modified":"2010-06-13T08:23:52","modified_gmt":"2010-06-13T08:23:52","slug":"actividade-travessia-da-madeira-a-pe-4-a-1162010","status":"publish","type":"post","link":"https:\/\/www.ventonorte.com\/?p=612","title":{"rendered":"Actividade: Travessia da Madeira a P\u00e9 [4 a 11\/6\/2010]"},"content":{"rendered":"<p style=\"text-align: center;\"><a rel=\"attachment wp-att-613\" href=\"http:\/\/www.ventonorte.com\/?attachment_id=613\"><br \/>\n<\/a><a rel=\"attachment wp-att-613\" href=\"http:\/\/www.ventonorte.com\/?attachment_id=613\"><img loading=\"lazy\" decoding=\"async\" class=\"aligncenter size-full wp-image-613\" title=\"Travessia Madeira\" src=\"http:\/\/www.ventonorte.com\/wp-content\/uploads\/TravessiaMadeira.jpg\" alt=\"\" width=\"576\" height=\"316\" srcset=\"https:\/\/www.ventonorte.com\/wp-content\/uploads\/TravessiaMadeira.jpg 823w, https:\/\/www.ventonorte.com\/wp-content\/uploads\/TravessiaMadeira-150x82.jpg 150w, https:\/\/www.ventonorte.com\/wp-content\/uploads\/TravessiaMadeira-300x164.jpg 300w\" sizes=\"auto, (max-width: 576px) 100vw, 576px\" \/><\/a><\/p>\n<p style=\"text-align: center;\"><strong><span style=\"font-size: large;\">Travessia da Madeira a P\u00e9 <\/span><\/strong><\/p>\n<p style=\"text-align: center;\"><strong>MADEIRA\u00a0 &#8211;\u00a0 04 a 11 DE JUNHO DE 2010<\/strong><\/p>\n<p style=\"text-align: center;\"><strong><br \/>\n<\/strong><\/p>\n<p><strong>Dia 04 de Junho (6.\u00aa Feira)<\/strong><\/p>\n<p>13h00\tEncontro no Aeroporto S\u00e1 Carneiro<\/p>\n<p>14h20\tPartida para a Madeira<\/p>\n<p>16h20\tAeroporto da Madeira<\/p>\n<p>17h30\tCheck in no Hotel, na cidade do Machico (a curta viagem do aeroporto ao hotel ser\u00e1 feita de t\u00e1xi)<\/p>\n<p>Compra de comida e restante log\u00edstica para a actividade<\/p>\n<p>20h00\tJantar no Machico<\/p>\n<p><strong>Dia 05 de Junho (S\u00e1bado)<\/strong><\/p>\n<p>07h30\tPequeno Almo\u00e7o no Hotel<\/p>\n<p>08h30\tIn\u00edcio do marcha em direc\u00e7\u00e3o \u00e0 Portela (dificuldade m\u00e9dia\/baixa, +\/- 17 km, +\/- 7h00)<\/p>\n<p>12h00\tAlmo\u00e7o volante<\/p>\n<p>17h00\tChegada \u00e0 zona da Portela e montagem de acampamento.<\/p>\n<p><strong>Dia 06 de Junho (Domingo)<\/strong><\/p>\n<p>07h30\tPequeno Almo\u00e7o volante e desmontagem do acampamento<\/p>\n<p>08h30\tIn\u00edcio do marcha em direc\u00e7\u00e3o ao Pico do Areeiro (dificuldade m\u00e9dia, +\/- 20km, +\/- 8h00)<\/p>\n<p>12h00\tAlmo\u00e7o volante<\/p>\n<p>17h00\tChegada \u00e0 zona do Pico do Areeiro e montagem de acampamento.<\/p>\n<p>No Pico do Areeiro h\u00e1 um caf\u00e9 onde se pode comprar alguma comida e \u00e1gua<\/p>\n<p><strong>Dia 07 de Junho (2.\u00aa Feira)<\/strong><\/p>\n<p>07h30\tPequeno Almo\u00e7o volante e desmontagem do acampamento<\/p>\n<p>08h30\tIn\u00edcio do marcha em direc\u00e7\u00e3o \u00e0 Encumeada (dificuldade m\u00e9dia, +\/- 18km, +\/- 8h00)<\/p>\n<p>12h00\tAlmo\u00e7o volante<\/p>\n<p>17h00\tChegada \u00e0 zona da Encumeada e montagem de acampamento.<\/p>\n<p>Na Encumeada existem estabelecimentos comerciais onde podemos reabastecer.<\/p>\n<p><strong>Dia 08 de Junho (3.\u00aa Feira)<\/strong><\/p>\n<p>07h30\tPequeno Almo\u00e7o volante e desmontagem do acampamento<\/p>\n<p>08h30\tIn\u00edcio do marcha em direc\u00e7\u00e3o ao Pa\u00fal da Serra (dificuldade m\u00e9dia\/baixa, +\/- 17km, +\/- 6h00)<\/p>\n<p>12h00\tAlmo\u00e7o volante<\/p>\n<p>16h00\tChegada \u00e0 zona do Pa\u00fal da Serra e montagem de acampamento.<\/p>\n<p>No Pa\u00fal da Serra existem estabelecimentos comerciais onde podemos reabastecer.<\/p>\n<p><strong>Dia 09 de Junho (4.\u00aa Feira)<\/strong><\/p>\n<p>07h30\tPequeno Almo\u00e7o volante e desmontagem do acampamento<\/p>\n<p>08h30\tIn\u00edcio do marcha em direc\u00e7\u00e3o Levada do Raba\u00e7al (dificuldade baixa, +\/- 10km, +\/- 4h00)<\/p>\n<p>12h00\tAlmo\u00e7o volante<\/p>\n<p>16h00\tChegada \u00e0 zona do Raba\u00e7al e montagem de acampamento.<\/p>\n<p>No Pa\u00fal da Serra existem estabelecimentos comerciais onde podemos reabastecer.<\/p>\n<p><strong>Dia 10 de Junho (5.\u00aa Feira)<\/strong><\/p>\n<p>07h30\tPequeno Almo\u00e7o volante e desmontagem do acampamento<\/p>\n<p>08h30\tIn\u00edcio do marcha em direc\u00e7\u00e3o a Porto Moniz pela Levada da Ribeira da Janela (dificuldade m\u00e9dia\/baixa, +\/- 20km, +\/- 7h00)<\/p>\n<p>12h00\tAlmo\u00e7o volante<\/p>\n<p>16h00\tChegada a Porto Moniz.<\/p>\n<p>Desloca\u00e7\u00e3o de transporte autocarro ou taxi para o Funchal<\/p>\n<p>Jantar e dormida em hotel no Funchal ou no Machico<\/p>\n<p><strong>Dia 11 de Junho (6.\u00aa Feira)<\/strong><\/p>\n<p>08h30\tPequeno Almo\u00e7o no hotel<\/p>\n<p>09h30\tVisita ao Funchal<\/p>\n<p>17h00\tRegresso ao Porto<\/p>\n<p><strong>Notas:\tINSCRI\u00c7\u00d5ES E LOG\u00cdSTICA<\/strong><\/p>\n<p>email: antonio.jmc@gmail.com<\/p>\n<p><strong>PRE\u00c7OS E CONDI\u00c7\u00d5ES<\/strong><\/p>\n<p>&#8220;As inscri\u00e7\u00f5es s\u00e3o gratuitas e destinam-se apenas a associados.<\/p>\n<p>Cada participante dever\u00e1 efectuar a reserva da sua passagem a\u00e9rea.<\/p>\n<p>O seguro \u00e9 obrigat\u00f3rio, podendo ser accionada a ap\u00f3lice da associa\u00e7\u00e3o com um custo de 5\u20ac por pessoa.<\/p>\n<p>As reserva de alojamento para o dia de chegada ser\u00e1 feita ap\u00f3s a conclus\u00e3o das inscri\u00e7\u00f5es.&#8221;<\/p>\n<p>O custo estimado por participante, incluindo passagem a\u00e9rea, desloca\u00e7\u00f5es de taxi e\/ou autocarro,  alimenta\u00e7\u00e3o e 2 noites de alojamento em hotel \u00e9 de 350 euros por pessoa. Quem pretender ficar at\u00e9 Domingo, dia 13, deve contar com mais 100 euros por pessoa.<\/p>\n<p>Inscri\u00e7\u00f5es at\u00e9 ao dia 01 de Maio de 2010.<\/p>\n<p>A actividade tem um m\u00ednimo de 8 e m\u00e1ximo de 16 participantes<\/p>\n<p>O programa pode ser alterado.<\/p>\n<p><strong>MATERIAL INDISPENS\u00c1VEL<\/strong><\/p>\n<p>Botas de montanhismo ou sapatilhas de sola dura<\/p>\n<p>Casaco imperme\u00e1vel<\/p>\n<p>Roupa desportiva e confort\u00e1vel<\/p>\n<p>M\u00e1quina fotogr\u00e1fica digital<\/p>\n<p>Tenda e saco cama<\/p>\n<p>Ser\u00e1 marcada uma reuni\u00e3o de prepara\u00e7\u00e3o<\/p>\n<p style=\"text-align: center;\"><a rel=\"attachment wp-att-614\" href=\"http:\/\/www.ventonorte.com\/?attachment_id=614\"><img loading=\"lazy\" decoding=\"async\" class=\"aligncenter size-full wp-image-614\" title=\"Travessia Madeira 2\" src=\"http:\/\/www.ventonorte.com\/wp-content\/uploads\/TravessiaMadeira2.jpg\" alt=\"\" width=\"541\" height=\"355\" srcset=\"https:\/\/www.ventonorte.com\/wp-content\/uploads\/TravessiaMadeira2.jpg 601w, https:\/\/www.ventonorte.com\/wp-content\/uploads\/TravessiaMadeira2-150x98.jpg 150w, https:\/\/www.ventonorte.com\/wp-content\/uploads\/TravessiaMadeira2-300x196.jpg 300w, https:\/\/www.ventonorte.com\/wp-content\/uploads\/TravessiaMadeira2-100x65.jpg 100w\" sizes=\"auto, (max-width: 541px) 100vw, 541px\" \/><\/a><\/p>\n","protected":false},"excerpt":{"rendered":"<p>Travessia da Madeira a P\u00e9<br \/>\nMADEIRA\u00a0 &#8211;\u00a0 04 a 11 DE JUNHO DE 2010<\/p>\n<p>Dia 04 de Junho (6.\u00aa Feira)<br \/>\n13h00\tEncontro no Aeroporto S\u00e1 Carneiro<br \/>\n14h20\tPartida para a Madeira<br \/>\n16h20\tAeroporto da Madeira<br \/>\n17h30\tCheck in no Hotel, na cidade do Machico (a curta viagem do aeroporto ao hotel ser\u00e1 feita de t\u00e1xi)<br \/>\nCompra de comida e restante log\u00edstica para a actividade<br \/>\n20h00\tJantar no Machico<br \/>\nDia 05 de Junho (S\u00e1bado)<br \/>\n07h30\tPequeno Almo\u00e7o no Hotel<br \/>\n08h30\tIn\u00edcio do marcha em direc\u00e7\u00e3o \u00e0 Portela (dificuldade m\u00e9dia\/baixa, +\/- 17 km, +\/- 7h00)<br \/>\n12h00\tAlmo\u00e7o volante<br \/>\n17h00\tChegada \u00e0 zona da Portela e montagem de acampamento.<br \/>\nDia 06 de Junho (Domingo)<br \/>\n07h30\tPequeno Almo\u00e7o &#8230;<\/p>\n","protected":false},"author":1,"featured_media":613,"comment_status":"open","ping_status":"open","sticky":false,"template":"","format":"standard","meta":{"ngg_post_thumbnail":0,"footnotes":""},"categories":[11],"tags":[],"class_list":["post-612","post","type-post","status-publish","format-standard","has-post-thumbnail","hentry","category-montanhismo"],"_links":{"self":[{"href":"https:\/\/www.ventonorte.com\/index.php?rest_route=\/wp\/v2\/posts\/612","targetHints":{"allow":["GET"]}}],"collection":[{"href":"https:\/\/www.ventonorte.com\/index.php?rest_route=\/wp\/v2\/posts"}],"about":[{"href":"https:\/\/www.ventonorte.com\/index.php?rest_route=\/wp\/v2\/types\/post"}],"author":[{"embeddable":true,"href":"https:\/\/www.ventonorte.com\/index.php?rest_route=\/wp\/v2\/users\/1"}],"replies":[{"embeddable":true,"href":"https:\/\/www.ventonorte.com\/index.php?rest_route=%2Fwp%2Fv2%2Fcomments&post=612"}],"version-history":[{"count":25,"href":"https:\/\/www.ventonorte.com\/index.php?rest_route=\/wp\/v2\/posts\/612\/revisions"}],"predecessor-version":[{"id":695,"href":"https:\/\/www.ventonorte.com\/index.php?rest_route=\/wp\/v2\/posts\/612\/revisions\/695"}],"wp:featuredmedia":[{"embeddable":true,"href":"https:\/\/www.ventonorte.com\/index.php?rest_route=\/wp\/v2\/media\/613"}],"wp:attachment":[{"href":"https:\/\/www.ventonorte.com\/index.php?rest_route=%2Fwp%2Fv2%2Fmedia&parent=612"}],"wp:term":[{"taxonomy":"category","embeddable":true,"href":"https:\/\/www.ventonorte.com\/index.php?rest_route=%2Fwp%2Fv2%2Fcategories&post=612"},{"taxonomy":"post_tag","embeddable":true,"href":"https:\/\/www.ventonorte.com\/index.php?rest_route=%2Fwp%2Fv2%2Ftags&post=612"}],"curies":[{"name":"wp","href":"https:\/\/api.w.org\/{rel}","templated":true}]}}