{"id":696,"date":"2010-06-17T09:54:25","date_gmt":"2010-06-17T09:54:25","guid":{"rendered":"http:\/\/www.ventonorte.com\/?p=696"},"modified":"2010-06-17T09:56:54","modified_gmt":"2010-06-17T09:56:54","slug":"actividade-ascensao-ao-monte-elbrus-14-a-2982010","status":"publish","type":"post","link":"https:\/\/www.ventonorte.com\/?p=696","title":{"rendered":"Actividade: Ascens\u00e3o ao Monte Elbrus [14 a 29\/8\/2010]"},"content":{"rendered":"<p style=\"text-align: center;\"><a rel=\"attachment wp-att-698\" href=\"http:\/\/www.ventonorte.com\/?attachment_id=698\"><img loading=\"lazy\" decoding=\"async\" class=\"aligncenter size-full wp-image-698\" title=\"Montanhismo-Monte_Elbrus\" src=\"http:\/\/www.ventonorte.com\/wp-content\/uploads\/Montanhismo-Monte_Elbrus.jpg\" alt=\"\" width=\"448\" height=\"298\" srcset=\"https:\/\/www.ventonorte.com\/wp-content\/uploads\/Montanhismo-Monte_Elbrus.jpg 800w, https:\/\/www.ventonorte.com\/wp-content\/uploads\/Montanhismo-Monte_Elbrus-150x99.jpg 150w, https:\/\/www.ventonorte.com\/wp-content\/uploads\/Montanhismo-Monte_Elbrus-300x199.jpg 300w\" sizes=\"auto, (max-width: 448px) 100vw, 448px\" \/><\/a><\/p>\n<p style=\"text-align: center;\"><strong>Ascens\u00e3o ao Monte Elbrus, 5642m (R\u00fassia)<\/strong><\/p>\n<p style=\"text-align: justify;\">O monte Elbrus \u00e9 a montanha mais alta da Europa. \u00c9 um estratovulc\u00e3o extinto localizado na parte ocidental da cordilheira do C\u00e1ucaso, na R\u00fassia, perto da fronteira com a Ge\u00f3rgia. O C\u00e1ucaso, junto com os Urais, por conven\u00e7\u00e3o hist\u00f3rica \u00e9 considerado a fronteira entre a Europa e a \u00c1sia. O monte Elbrus, com 5642 m acima do n\u00edvel do mar, est\u00e1 assim situado na Europa, sendo o seu ponto mais elevado.<\/p>\n<p>O pico mais alto do Elbrus foi escalado pela primeira vez em 1874 pela expedi\u00e7\u00e3o brit\u00e2nica dirigida por F. Crauford Grove.<br \/>\nEm 2010 ser\u00e1 escalado pela associa\u00e7\u00e3o Vento Norte.<\/p>\n<p style=\"text-align: justify;\"><!--more--><span style=\"text-decoration: underline;\"><strong>Programa<\/strong><\/span><\/p>\n<table style=\"width: 100%;\" border=\"0\" cellspacing=\"0\" cellpadding=\"0\">\n<tbody>\n<tr>\n<td style=\"text-align: left;\" width=\"107\" valign=\"top\"><strong>Dia<\/strong><\/td>\n<td valign=\"top\"><strong>Itiner\u00e1rio<\/strong><\/td>\n<td valign=\"top\"><strong>Alojamento<\/strong><\/td>\n<\/tr>\n<tr>\n<td valign=\"top\">14, 15 Agosto<\/td>\n<td valign=\"top\">Voo cidade de Vigo &#8211; Madrid &#8211; Moscovo &#8211; Mineralnye Vody<\/td>\n<td valign=\"top\">Descanso Hotel<\/td>\n<\/tr>\n<tr>\n<td valign=\"top\">16 de Agosto<\/td>\n<td valign=\"top\">Dia de aclimata\u00e7\u00e3o nas montanhas de Cheget (3600m)<\/td>\n<td valign=\"top\">Hotel<\/td>\n<\/tr>\n<tr>\n<td valign=\"top\">17 de Agosto<\/td>\n<td valign=\"top\">Dia de aclimata\u00e7\u00e3o nas montanhas de Cheget (3600m)<\/td>\n<td valign=\"top\">Hotel<\/td>\n<\/tr>\n<tr>\n<td valign=\"top\">18 de Agosto<\/td>\n<td valign=\"top\">Aclimata\u00e7\u00e3o no Ref\u00fagio Barris<\/td>\n<td valign=\"top\">Ref\u00fagio<\/td>\n<\/tr>\n<tr>\n<td valign=\"top\">19 de Agosto<\/td>\n<td valign=\"top\">Dia de aclimata\u00e7\u00e3o e repouso<\/td>\n<td valign=\"top\">Ref\u00fagio<\/td>\n<\/tr>\n<tr>\n<td valign=\"top\">20 de Agosto<\/td>\n<td valign=\"top\">Dia de cume do Monte Elbrus<\/td>\n<td valign=\"top\">Ref\u00fagio<\/td>\n<\/tr>\n<tr>\n<td valign=\"top\">21 de Agosto<\/td>\n<td valign=\"top\">Dia de reserva. Descida ao Vale de Baksan<\/td>\n<td valign=\"top\">Ref\u00fagio<\/td>\n<\/tr>\n<tr>\n<td valign=\"top\">22 de Agosto<\/td>\n<td valign=\"top\">Segundo dia de reserva<\/td>\n<td valign=\"top\">Hotel<\/td>\n<\/tr>\n<tr>\n<td valign=\"top\">23 de Agosto<\/td>\n<td valign=\"top\">Terceiro dia de reserva<\/td>\n<td valign=\"top\">Hotel<\/td>\n<\/tr>\n<tr>\n<td valign=\"top\">24 de Agosto<\/td>\n<td valign=\"top\">Quarto dia de reserva<\/td>\n<td valign=\"top\">Hotel<\/td>\n<\/tr>\n<tr>\n<td valign=\"top\">25 de Agosto<\/td>\n<td valign=\"top\">Transporte para Mineralnye Vody. Voo para Moscovo.<\/td>\n<td valign=\"top\">Hotel<\/td>\n<\/tr>\n<tr>\n<td valign=\"top\">26 de Agosto<\/td>\n<td valign=\"top\">Dia livre em Moscovo<\/td>\n<td valign=\"top\">Hotel<\/td>\n<\/tr>\n<tr>\n<td valign=\"top\">27 de Agosto<\/td>\n<td valign=\"top\">Dia livre em Moscovo<\/td>\n<td valign=\"top\">Hotel<\/td>\n<\/tr>\n<tr>\n<td valign=\"top\">28 de Agosto<\/td>\n<td valign=\"top\">Dia livre em Moscovo<\/td>\n<td valign=\"top\">Hotel<\/td>\n<\/tr>\n<tr>\n<td valign=\"top\">29 de Agosto<\/td>\n<td valign=\"top\">Voo Moscovo &#8211; Madrid &#8211; Vigo<\/td>\n<td valign=\"top\"><\/td>\n<\/tr>\n<\/tbody>\n<\/table>\n<p><em>Notas: Em caso de mau tempo os dias livres em Moscovo podem ser usados no Elbrus<\/em><\/p>\n","protected":false},"excerpt":{"rendered":"<p>O monte Elbrus \u00e9 a montanha mais alta da Europa. \u00c9 um estratovulc\u00e3o extinto localizado na parte ocidental da cordilheira do C\u00e1ucaso, na R\u00fassia, perto da fronteira com a Ge\u00f3rgia.<br \/>\nO pico mais alto do Elbrus foi escalado pela primeira vez em 1874 pela expedi\u00e7\u00e3o brit\u00e2nica dirigida por F. Crauford Grove.<br \/>\nEm 2010 ser\u00e1 escalado pela associa\u00e7\u00e3o Vento Norte.<\/p>\n","protected":false},"author":1,"featured_media":698,"comment_status":"open","ping_status":"open","sticky":false,"template":"","format":"standard","meta":{"ngg_post_thumbnail":0,"footnotes":""},"categories":[11],"tags":[],"class_list":["post-696","post","type-post","status-publish","format-standard","has-post-thumbnail","hentry","category-montanhismo"],"_links":{"self":[{"href":"https:\/\/www.ventonorte.com\/index.php?rest_route=\/wp\/v2\/posts\/696","targetHints":{"allow":["GET"]}}],"collection":[{"href":"https:\/\/www.ventonorte.com\/index.php?rest_route=\/wp\/v2\/posts"}],"about":[{"href":"https:\/\/www.ventonorte.com\/index.php?rest_route=\/wp\/v2\/types\/post"}],"author":[{"embeddable":true,"href":"https:\/\/www.ventonorte.com\/index.php?rest_route=\/wp\/v2\/users\/1"}],"replies":[{"embeddable":true,"href":"https:\/\/www.ventonorte.com\/index.php?rest_route=%2Fwp%2Fv2%2Fcomments&post=696"}],"version-history":[{"count":20,"href":"https:\/\/www.ventonorte.com\/index.php?rest_route=\/wp\/v2\/posts\/696\/revisions"}],"predecessor-version":[{"id":717,"href":"https:\/\/www.ventonorte.com\/index.php?rest_route=\/wp\/v2\/posts\/696\/revisions\/717"}],"wp:featuredmedia":[{"embeddable":true,"href":"https:\/\/www.ventonorte.com\/index.php?rest_route=\/wp\/v2\/media\/698"}],"wp:attachment":[{"href":"https:\/\/www.ventonorte.com\/index.php?rest_route=%2Fwp%2Fv2%2Fmedia&parent=696"}],"wp:term":[{"taxonomy":"category","embeddable":true,"href":"https:\/\/www.ventonorte.com\/index.php?rest_route=%2Fwp%2Fv2%2Fcategories&post=696"},{"taxonomy":"post_tag","embeddable":true,"href":"https:\/\/www.ventonorte.com\/index.php?rest_route=%2Fwp%2Fv2%2Ftags&post=696"}],"curies":[{"name":"wp","href":"https:\/\/api.w.org\/{rel}","templated":true}]}}