{"id":736,"date":"2010-10-08T13:15:51","date_gmt":"2010-10-08T13:15:51","guid":{"rendered":"http:\/\/www.ventonorte.com\/?p=736"},"modified":"2010-10-14T07:30:39","modified_gmt":"2010-10-14T07:30:39","slug":"736","status":"publish","type":"post","link":"https:\/\/www.ventonorte.com\/?p=736","title":{"rendered":"Caminhada pelo Clima 10.10.10"},"content":{"rendered":"<p style=\"text-align: center;\"><img loading=\"lazy\" decoding=\"async\" class=\"aligncenter\" title=\"350-famalicao\" src=\"http:\/\/1.bp.blogspot.com\/_4fEZtrzK2UA\/TJypK_lDYZI\/AAAAAAAAACg\/0q-2BENy5Gs\/S1600-R\/350-logo-2.JPG\" alt=\"\" width=\"400\" height=\"202\" \/><\/p>\n<p style=\"text-align: center;\">\n<p>O movimento internacional de combate \u00e0s altera\u00e7\u00f5es clim\u00e1ticas\u00a0<a href=\"http:\/\/www.350.org\"> 350.org<\/a> lan\u00e7ou uma <strong>campanha global<\/strong> para o dia 10 de Outubro de 2010 (<strong>10\/10\/10 Festa Global de Trabalho<\/strong>), com o objectivo de sensibilizar para a adop\u00e7\u00e3o de solu\u00e7\u00f5es sustent\u00e1veis de forma a atenuar o aquecimento global e seus efeitos preocupantes nas altera\u00e7\u00f5es clim\u00e1ticas. Esta campanha, para al\u00e9m da sensibiliza\u00e7\u00e3o da popula\u00e7\u00e3o, tem tamb\u00e9m como objectivo enviar uma mensagem aos decisores pol\u00edticos mundiais que se reunir\u00e3o na Cimeira sobre as Altera\u00e7\u00f5es Clim\u00e1ticas a realizar no final do ano no M\u00e9xico. E essa mensagem \u00e9 exigir que se chegue a um tratado ambicioso, justo e vinculativo para substituir o Tratado de Quioto (ao contr\u00e1rio do insucesso que ocorreu em Copenhaga 2009).<\/p>\n<p>Em <strong>Vila Nova de Famalic\u00e3o<\/strong>, um grupo de cidad\u00e3os deu in\u00edcio a um dos j\u00e1 mais de 4000 eventos lan\u00e7ados em mais de 170 pa\u00edses, optando por uma caminhada de sensibiliza\u00e7\u00e3o. A<a href=\"http:\/\/www.350.org\/pt\/vilanovadefamalicao\"><strong> Caminhada pelo Clima Famalic\u00e3o<\/strong><\/a>, realizar-se-\u00e0 no dia <strong>10 de Outubro de 2010<\/strong> (Domingo) a partir das 10:10 horas, na cidade e arredores. A dura\u00e7\u00e3o da caminhada ser\u00e1 no m\u00e1ximo de 2 horas (cerca de 5 km).<\/p>\n<p>Assim, convidamos a que adiram a esta Caminhada, solicitando a divulga\u00e7\u00e3o da mesma, para a mensagem a transmitir seja clara e aud\u00edvel. Para participar, basta comparecer no<strong> Parque da Juventude<\/strong>, na cidade de <strong>Vila Nova de Famalic\u00e3o<\/strong> \u00e0s <strong>9.30h do dia 10\/10\/10<\/strong> e caminhar connosco. Embora n\u00e3o obrigat\u00f3rio, agradecemos tamb\u00e9m a inscri\u00e7\u00e3o no site da Internet onde est\u00e1 alojado o evento: <a href=\"http:\/\/www.350.org\/pt\/vilanovadefamalicao\">http:\/\/www.350.org\/pt\/vilanovadefamalicao<\/a><\/p>\n<p>Certos do vosso empenho e compreens\u00e3o para este tema t\u00e3o importante nos dias de hoje, subscrevemo-nos,<\/p>\n<p>Com os melhores cumprimentos,<\/p>\n<p>O grupo organizador (<a href=\"mailto:vnf350@gmail.com\">vnf350@gmail.com<\/a>)<\/p>\n<p style=\"padding-left: 60px;\"><em>Albertina Pereira (tinaoutiz@hotmail.com )<br \/>\nAlcino Monteiro (apm_jc@live.com.pt)<br \/>\nAna Berta Rego (anabertarrego@gmail.com )<br \/>\nAna Maria Azevedo (anamariaazevedo@msn.com)<br \/>\nCristiana Caldas (cristiana_caldas@portugalmail.pt )<br \/>\nL\u00edgia Silva (oxarim@gmail.com )<br \/>\nLuciana Lopes (lopeslu@hotmail.com)<br \/>\nManuel Cruz (manuel.rodrigues.cruz@gmail.com)<br \/>\nGra\u00e7a Marques<br \/>\nManuela Ara\u00fajo (mmsaaraujo@gmail.com)<br \/>\nMarta Moniz\u00a0 (martanorte@gmail.com)<br \/>\nNuno Mendes (nunomendes.terracotta@gmail.com)<br \/>\nPedro Teixeira (jpedromteixeira@gmail.com)<br \/>\nSandra Costa (sandrac73@gmail.com)<br \/>\nSusana Costa (surpcosta@gmail.com)<\/em><\/p>\n<p style=\"padding-left: 60px;\">\n<p><img loading=\"lazy\" decoding=\"async\" class=\"alignleft\" style=\"margin-left: 5px; margin-right: 5px;\" title=\"350.org\" src=\"http:\/\/www.350.org\/sites\/all\/themes\/threefifty\/logo.gif\" alt=\"350.org\" width=\"232\" height=\"72\" \/>350 partes por milh\u00e3o (ppm) \u00e9 a concentra\u00e7\u00e3o de CO2 na atmosfera que muitos cientistas afirmam ser o limite superior de seguran\u00e7a para a humanidade, de forma a prevenir impactos clim\u00e1ticos irrevers\u00edveis. Durante praticamente toda a hist\u00f3ria da humanidade, esta concentra\u00e7\u00e3o foi de 275 ppm; em apenas s\u00e9culo e meio chegou aos 390, e continua a aumentar \u00e0 raz\u00e3o de 2 ppm por ano. \u00c9 urgente baixar este valor. Saiba mais em<a href=\"http:\/\/www.350.org\/pt\/ci\u00eancia-de-350\"> http:\/\/www.350.org\/pt\/ci\u00eancia-de-350<\/a><\/p>\n","protected":false},"excerpt":{"rendered":"<p>O movimento internacional de combate \u00e0s altera\u00e7\u00f5es clim\u00e1ticas\u00a0 350.org lan\u00e7ou uma campanha global para o dia 10 de Outubro de 2010 (10\/10\/10 Festa Global de Trabalho), com o objectivo de sensibilizar para a adop\u00e7\u00e3o de solu\u00e7\u00f5es sustent\u00e1veis de forma a atenuar o aquecimento global e seus efeitos preocupantes nas altera\u00e7\u00f5es clim\u00e1ticas. Esta campanha, para al\u00e9m da sensibiliza\u00e7\u00e3o da popula\u00e7\u00e3o, tem tamb\u00e9m como objectivo enviar uma mensagem aos decisores pol\u00edticos mundiais que se reunir\u00e3o na Cimeira sobre as Altera\u00e7\u00f5es Clim\u00e1ticas a realizar no final do ano no M\u00e9xico. E essa mensagem &#8230;<\/p>\n","protected":false},"author":1,"featured_media":743,"comment_status":"open","ping_status":"open","sticky":false,"template":"","format":"standard","meta":{"ngg_post_thumbnail":0,"footnotes":""},"categories":[12],"tags":[],"class_list":["post-736","post","type-post","status-publish","format-standard","has-post-thumbnail","hentry","category-geral"],"_links":{"self":[{"href":"https:\/\/www.ventonorte.com\/index.php?rest_route=\/wp\/v2\/posts\/736","targetHints":{"allow":["GET"]}}],"collection":[{"href":"https:\/\/www.ventonorte.com\/index.php?rest_route=\/wp\/v2\/posts"}],"about":[{"href":"https:\/\/www.ventonorte.com\/index.php?rest_route=\/wp\/v2\/types\/post"}],"author":[{"embeddable":true,"href":"https:\/\/www.ventonorte.com\/index.php?rest_route=\/wp\/v2\/users\/1"}],"replies":[{"embeddable":true,"href":"https:\/\/www.ventonorte.com\/index.php?rest_route=%2Fwp%2Fv2%2Fcomments&post=736"}],"version-history":[{"count":10,"href":"https:\/\/www.ventonorte.com\/index.php?rest_route=\/wp\/v2\/posts\/736\/revisions"}],"predecessor-version":[{"id":741,"href":"https:\/\/www.ventonorte.com\/index.php?rest_route=\/wp\/v2\/posts\/736\/revisions\/741"}],"wp:featuredmedia":[{"embeddable":true,"href":"https:\/\/www.ventonorte.com\/index.php?rest_route=\/wp\/v2\/media\/743"}],"wp:attachment":[{"href":"https:\/\/www.ventonorte.com\/index.php?rest_route=%2Fwp%2Fv2%2Fmedia&parent=736"}],"wp:term":[{"taxonomy":"category","embeddable":true,"href":"https:\/\/www.ventonorte.com\/index.php?rest_route=%2Fwp%2Fv2%2Fcategories&post=736"},{"taxonomy":"post_tag","embeddable":true,"href":"https:\/\/www.ventonorte.com\/index.php?rest_route=%2Fwp%2Fv2%2Ftags&post=736"}],"curies":[{"name":"wp","href":"https:\/\/api.w.org\/{rel}","templated":true}]}}