{"id":830,"date":"2011-02-04T12:18:48","date_gmt":"2011-02-04T12:18:48","guid":{"rendered":"http:\/\/www.ventonorte.com\/?p=830"},"modified":"2011-02-13T10:59:48","modified_gmt":"2011-02-13T10:59:48","slug":"12-fev-assembleia-geral-e-jantar-de-aniversario","status":"publish","type":"post","link":"https:\/\/www.ventonorte.com\/?p=830","title":{"rendered":"12 Fev. &#8211; Assembleia Geral e Jantar de anivers\u00e1rio"},"content":{"rendered":"<p style=\"text-align: left;\"><a rel=\"attachment wp-att-421\" href=\"http:\/\/www.ventonorte.com\/?attachment_id=421\"><img loading=\"lazy\" decoding=\"async\" class=\"alignleft size-full wp-image-421\" title=\"VN-reuni\u00e3o\" src=\"http:\/\/www.ventonorte.com\/wp-content\/uploads\/VN-reuni\u00e3o_s.jpg\" alt=\"\" width=\"561\" height=\"411\" srcset=\"https:\/\/www.ventonorte.com\/wp-content\/uploads\/VN-reuni\u00e3o_s.jpg 561w, https:\/\/www.ventonorte.com\/wp-content\/uploads\/VN-reuni\u00e3o_s-150x109.jpg 150w, https:\/\/www.ventonorte.com\/wp-content\/uploads\/VN-reuni\u00e3o_s-300x219.jpg 300w\" sizes=\"auto, (max-width: 561px) 100vw, 561px\" \/><\/a><span style=\"font-size: x-large;\"><strong> <\/strong><\/span><\/p>\n<p style=\"text-align: left;\">\n<p style=\"text-align: left;\">\n<p style=\"text-align: left;\">\n<p style=\"text-align: left;\"><span style=\"font-size: x-large;\"><strong>Assembleia Geral<\/strong><\/span><\/p>\n<p style=\"text-align: left;\"><span style=\"font-size: large;\">12 Fevereiro 2011<\/span><\/p>\n<p style=\"text-align: left;\">\n<p style=\"text-align: left;\">\n<p style=\"text-align: left;\">\n<p style=\"text-align: left;\">\n<p style=\"text-align: left;\">\n<p style=\"text-align: left;\">\n<p style=\"text-align: left;\">\n<p style=\"text-align: left;\">\n<p style=\"text-align: left;\">Todos os associados da Vento Norte est\u00e3o convidados a tomar parte na Assembleia Geral Ordin\u00e1ria que se realiza no dia <strong>12 de Fevereiro de 2011, pelas 16h00, no espa\u00e7o \u201cCaf\u00e9 Concerto\u201d na Casa das Artes \u2013 Vila Nova de Famalic\u00e3o<\/strong> <em>(local sujeito a confirma\u00e7\u00e3o)<\/em>, com a seguinte ordem de trabalhos:<\/p>\n<p>1.\u00a0\u00a0 \u00a0Vota\u00e7\u00e3o da acta da assembleia anterior;<br \/>\n2.\u00a0\u00a0 \u00a0Apresenta\u00e7\u00e3o e vota\u00e7\u00e3o do relat\u00f3rio e contas da direc\u00e7\u00e3o, relativos ao ano de 2010;<br \/>\n3.\u00a0\u00a0 \u00a0Aprecia\u00e7\u00e3o das actividades de 2010;<br \/>\n4.\u00a0\u00a0 \u00a0Elei\u00e7\u00e3o dos \u00f3rg\u00e3os da associa\u00e7\u00e3o para o bi\u00e9nio de 2011-2012;<br \/>\n5.\u00a0\u00a0 \u00a0Tomada de posse dos \u00f3rg\u00e3os da associa\u00e7\u00e3o para o bi\u00e9nio 2011-2012;<br \/>\n6.\u00a0\u00a0 \u00a0Apresenta\u00e7\u00e3o e vota\u00e7\u00e3o do or\u00e7amento para o bi\u00e9nio 2011-2012 e plano de actividades para 2011.<\/p>\n<p style=\"text-align: left;\"><em>(Se \u00e0 hora marcada n\u00e3o estiverem presentes mais de metade dos associados, a assembleia ter\u00e1 o seu in\u00edcio efectivo trinta minutos ap\u00f3s a hora prevista, com os associados presentes no local.)<\/em><\/p>\n<p style=\"text-align: left;\">\n<p>Terminadas as formalidades, iremos fazer a <strong>inaugura\u00e7\u00e3o oficial da nova  sede da Vento Norte<\/strong> na Central de Camionagem, para que todos os  associados conhe\u00e7am o local onde actualmente se desenrolam as nossas reuni\u00f5es e  onde fervilham as novas ideias para o nosso futuro.<\/p>\n<p>Para terminar o dia em beleza est\u00e3o todos convocados para o <strong>jantar  de anivers\u00e1rio da Vento Norte<\/strong>, cujos <strong>15 anos<\/strong> merecem  uma animada celebra\u00e7\u00e3o com a vossa excelente companhia (em restaurante a anunciar brevemente).<\/p>\n","protected":false},"excerpt":{"rendered":"\n<p>Assembleia Geral<br \/>\n12 Fevereiro 2011<\/p>\n<p>Todos os associados da Vento Norte est\u00e3o convidados a tomar parte na Assembleia Geral Ordin\u00e1ria que se realiza no dia 12 de Fevereiro de 2011, pelas 16h00, no espa\u00e7o \u201cCaf\u00e9 Concerto\u201d na Casa das Artes \u2013 Vila Nova de Famalic\u00e3o (local sujeito a confirma\u00e7\u00e3o), com a seguinte ordem de trabalhos:<br \/>\n1.\u00a0\u00a0 \u00a0Vota\u00e7\u00e3o da acta da assembleia anterior;<br \/>\n2.\u00a0\u00a0 \u00a0Apresenta\u00e7\u00e3o e vota\u00e7\u00e3o do relat\u00f3rio e contas da direc\u00e7\u00e3o, relativos ao ano de 2010;<br \/>\n3.\u00a0\u00a0 \u00a0Aprecia\u00e7\u00e3o das actividades de 2010;<br \/>\n4.\u00a0\u00a0 \u00a0Elei\u00e7\u00e3o dos \u00f3rg\u00e3os da associa\u00e7\u00e3o para o bi\u00e9nio de 2011-2012;<br \/>\n5.\u00a0\u00a0 \u00a0Tomada &#8230;<\/p>\n","protected":false},"author":1,"featured_media":421,"comment_status":"open","ping_status":"open","sticky":false,"template":"","format":"standard","meta":{"ngg_post_thumbnail":0,"footnotes":""},"categories":[12],"tags":[],"class_list":["post-830","post","type-post","status-publish","format-standard","has-post-thumbnail","hentry","category-geral"],"_links":{"self":[{"href":"https:\/\/www.ventonorte.com\/index.php?rest_route=\/wp\/v2\/posts\/830","targetHints":{"allow":["GET"]}}],"collection":[{"href":"https:\/\/www.ventonorte.com\/index.php?rest_route=\/wp\/v2\/posts"}],"about":[{"href":"https:\/\/www.ventonorte.com\/index.php?rest_route=\/wp\/v2\/types\/post"}],"author":[{"embeddable":true,"href":"https:\/\/www.ventonorte.com\/index.php?rest_route=\/wp\/v2\/users\/1"}],"replies":[{"embeddable":true,"href":"https:\/\/www.ventonorte.com\/index.php?rest_route=%2Fwp%2Fv2%2Fcomments&post=830"}],"version-history":[{"count":9,"href":"https:\/\/www.ventonorte.com\/index.php?rest_route=\/wp\/v2\/posts\/830\/revisions"}],"predecessor-version":[{"id":1020,"href":"https:\/\/www.ventonorte.com\/index.php?rest_route=\/wp\/v2\/posts\/830\/revisions\/1020"}],"wp:featuredmedia":[{"embeddable":true,"href":"https:\/\/www.ventonorte.com\/index.php?rest_route=\/wp\/v2\/media\/421"}],"wp:attachment":[{"href":"https:\/\/www.ventonorte.com\/index.php?rest_route=%2Fwp%2Fv2%2Fmedia&parent=830"}],"wp:term":[{"taxonomy":"category","embeddable":true,"href":"https:\/\/www.ventonorte.com\/index.php?rest_route=%2Fwp%2Fv2%2Fcategories&post=830"},{"taxonomy":"post_tag","embeddable":true,"href":"https:\/\/www.ventonorte.com\/index.php?rest_route=%2Fwp%2Fv2%2Ftags&post=830"}],"curies":[{"name":"wp","href":"https:\/\/api.w.org\/{rel}","templated":true}]}}