{"id":839,"date":"2011-02-13T10:14:50","date_gmt":"2011-02-13T10:14:50","guid":{"rendered":"http:\/\/www.ventonorte.com\/?p=839"},"modified":"2011-06-13T17:25:42","modified_gmt":"2011-06-13T17:25:42","slug":"nova-direccao-da-vento-norte-para-2011-2012","status":"publish","type":"post","link":"https:\/\/www.ventonorte.com\/?p=839","title":{"rendered":"Nova direc\u00e7\u00e3o da Vento Norte para 2011-2012"},"content":{"rendered":"<p><a rel=\"attachment wp-att-421\" href=\"http:\/\/www.ventonorte.com\/?attachment_id=421\"><img loading=\"lazy\" decoding=\"async\" class=\"alignright\" title=\"VN-reuni\u00e3o\" src=\"..\/wp-content\/uploads\/VN-reuni%C3%A3o_s-300x219.jpg\" alt=\"\" width=\"300\" height=\"219\" \/><\/a><\/p>\n<p>Como diz o ditado: &#8220;Em equipe vencedora n\u00e3o se mexe&#8221;.<\/p>\n<p>Assim a nova direc\u00e7\u00e3o da Vento Norte para o bi\u00e9nio 2011-2112 \u00e9 afinal&#8230; a velha direc\u00e7\u00e3o. Com alguns refor\u00e7os, \u00e9 claro, para dar nova energia e novas ideias. Cremos que iremos contar com mais dois anos cheios de iniciativas e inova\u00e7\u00e3o.<\/p>\n<p>Aqui est\u00e1 a nova equipa:<\/p>\n<p><strong>Direc\u00e7\u00e3o<\/strong><\/p>\n<p>Presidente \u2013 Ernestino Manuel Soares Maravalhas<br \/>\nSecret\u00e1ria \u2013 Nat\u00e1lia Assun\u00e7\u00e3o Martins de Azevedo<br \/>\nTesoureira \u2013 Carla Marisa Martins de Azevedo<br \/>\nVogal \u2013 Carlos Alfredo Macieira de Faria<br \/>\nVogal \u2013 Ana Berta Rodrigues Rego<\/p>\n<p><strong>Conselho Fiscal<\/strong><br \/>\nPresidente \u2013 Maria Elisabete Monteiro Rodrigues<br \/>\nSecret\u00e1rio \u2013 Jos\u00e9 Hor\u00e1cio Garcia Costa<br \/>\nVogal \u2013 Cl\u00e1udia Maria Veloso Pires<\/p>\n<p><strong>Mesa da Assembleia Geral<\/strong><br \/>\nPresidente \u2013 Lu\u00eds Miguel Silva Santos Salgado<br \/>\nSecret\u00e1rio \u2013 Pedro Paulo da Costa Cerqueira<br \/>\nVogal \u2013 Cristiana Marques<\/p>\n<p><strong>Suplentes<\/strong><br \/>\nMiguel C\u00e9sar Ribeiro Azevedo<br \/>\nPedro Manuel da Costa Batista<br \/>\nAna Catarina Teixeira Costa<br \/>\nClara Costa<\/p>\n<p><a rel=\"attachment wp-att-421\" href=\"http:\/\/www.ventonorte.com\/?attachment_id=421\"><br \/>\n<\/a><\/p>\n","protected":false},"excerpt":{"rendered":"<p>Como diz o ditado: &#8220;Em equipe vencedora n\u00e3o se mexe&#8221;.<\/p>\n","protected":false},"author":1,"featured_media":421,"comment_status":"open","ping_status":"open","sticky":false,"template":"","format":"standard","meta":{"ngg_post_thumbnail":0,"footnotes":""},"categories":[12],"tags":[],"class_list":["post-839","post","type-post","status-publish","format-standard","has-post-thumbnail","hentry","category-geral"],"_links":{"self":[{"href":"https:\/\/www.ventonorte.com\/index.php?rest_route=\/wp\/v2\/posts\/839","targetHints":{"allow":["GET"]}}],"collection":[{"href":"https:\/\/www.ventonorte.com\/index.php?rest_route=\/wp\/v2\/posts"}],"about":[{"href":"https:\/\/www.ventonorte.com\/index.php?rest_route=\/wp\/v2\/types\/post"}],"author":[{"embeddable":true,"href":"https:\/\/www.ventonorte.com\/index.php?rest_route=\/wp\/v2\/users\/1"}],"replies":[{"embeddable":true,"href":"https:\/\/www.ventonorte.com\/index.php?rest_route=%2Fwp%2Fv2%2Fcomments&post=839"}],"version-history":[{"count":11,"href":"https:\/\/www.ventonorte.com\/index.php?rest_route=\/wp\/v2\/posts\/839\/revisions"}],"predecessor-version":[{"id":933,"href":"https:\/\/www.ventonorte.com\/index.php?rest_route=\/wp\/v2\/posts\/839\/revisions\/933"}],"wp:featuredmedia":[{"embeddable":true,"href":"https:\/\/www.ventonorte.com\/index.php?rest_route=\/wp\/v2\/media\/421"}],"wp:attachment":[{"href":"https:\/\/www.ventonorte.com\/index.php?rest_route=%2Fwp%2Fv2%2Fmedia&parent=839"}],"wp:term":[{"taxonomy":"category","embeddable":true,"href":"https:\/\/www.ventonorte.com\/index.php?rest_route=%2Fwp%2Fv2%2Fcategories&post=839"},{"taxonomy":"post_tag","embeddable":true,"href":"https:\/\/www.ventonorte.com\/index.php?rest_route=%2Fwp%2Fv2%2Ftags&post=839"}],"curies":[{"name":"wp","href":"https:\/\/api.w.org\/{rel}","templated":true}]}}