{"id":851,"date":"2011-02-13T10:40:14","date_gmt":"2011-02-13T10:40:14","guid":{"rendered":"http:\/\/www.ventonorte.com\/?p=851"},"modified":"2012-02-15T09:31:02","modified_gmt":"2012-02-15T09:31:02","slug":"lembras-te-naquela-actividade","status":"publish","type":"post","link":"https:\/\/www.ventonorte.com\/?p=851","title":{"rendered":"Lembras-te naquela actividade&#8230;?"},"content":{"rendered":"<p>S\u00e3o 15 anos de Vento Norte, uma brisa que se tornou um bom exemplo para a aplica\u00e7\u00e3o do clich\u00e9: &#8220;ventos de mudan\u00e7a&#8221;.<\/p>\n<p>Ao  longo destes anos foram muitas as hist\u00f3rias, os feitos, os objectivos  alcan\u00e7ados e aqueles que ainda est\u00e3o na lista de espera. Foi uma marca  deixada de Famalic\u00e3o at\u00e9 ao Jap\u00e3o. Foi muito o suor, mais ainda o riso e  os momentos memor\u00e1veis, mas sobretudo podemos orgulhosamente dizer: &#8220;<strong>Eu estive l\u00e1, eu fiz a diferen\u00e7a!<\/strong>&#8220;. A Vento Norte \u00e9 feita de pessoas e de hist\u00f3rias que interessa preservar.<\/p>\n<p>\u00c9 isso  que nos propomos fazer neste nosso anivers\u00e1rio: o Arquivo Vento Norte,  que ainda antes do final do ano ser\u00e1 compilado num livro. A nossa mem\u00f3ria colectiva!<\/p>\n<p style=\"text-align: center;\"><img loading=\"lazy\" decoding=\"async\" class=\"aligncenter\" title=\"15AnosVN\" src=\"..\/wp-content\/uploads\/15AnosVN-233x300.jpg\" alt=\"\" width=\"233\" height=\"300\" \/><\/p>\n<p><strong>Para conseguirmos juntar a nossa mem\u00f3ria precisamos da tua ajuda.<\/strong><\/p>\n<p>Envia-nos  fotos antigas das actividades, envia-nos hist\u00f3rias que tenham marcado a  tua mem\u00f3ria na Vento Norte, copias de noticias no jornal, dicas,  sugest\u00f5es, tudo que possa acrescentar mais um gr\u00e3o de areia que seja a  este projecto. Tudo \u00e9 bem-vindo, de textos completos a simples  recorda\u00e7\u00f5es para incluirmos determinado acontecimento ou anedota.<\/p>\n<p>Podes enviar tudo por email para <a href=\"mailto:%20geral@ventonorte.com\">geral@ventonorte.com<\/a>,  ou entregar pessoalmente a qualquer membro da direc\u00e7\u00e3o ou respons\u00e1veis  de departamento. Naturalmente, todo o material como fotos, etc.,\u00a0 ser\u00e1  digitalizado e devolvido.<\/p>\n<p><strong>No  momento em que coloco esta mensagem \u00e9 domingo e est\u00e1 a chover l\u00e1 fora. \u00c9  o momento ideal para perder um quarto de hora a remexer nas gavetas e  na mem\u00f3ria \u00e0 procura de fotos e hist\u00f3rias para o nosso projecto.<\/strong><\/p>\n<p><strong>E daqui a uns anos estaremos a mostrar o livro aos nossos netos e a dizer: &#8220;V\u00eas? Eu estive l\u00e1. eu fiz a diferen\u00e7a!&#8221; <\/strong><\/p>\n","protected":false},"excerpt":{"rendered":"<p>S\u00e3o 15 anos de Vento Norte, uma brisa que se tornou um bom exemplo para a aplica\u00e7\u00e3o do clich\u00e9: &#8220;ventos de mudan\u00e7a&#8221;.<\/p>\n","protected":false},"author":1,"featured_media":852,"comment_status":"open","ping_status":"open","sticky":false,"template":"","format":"standard","meta":{"ngg_post_thumbnail":0,"footnotes":""},"categories":[12],"tags":[],"class_list":["post-851","post","type-post","status-publish","format-standard","has-post-thumbnail","hentry","category-geral"],"_links":{"self":[{"href":"https:\/\/www.ventonorte.com\/index.php?rest_route=\/wp\/v2\/posts\/851","targetHints":{"allow":["GET"]}}],"collection":[{"href":"https:\/\/www.ventonorte.com\/index.php?rest_route=\/wp\/v2\/posts"}],"about":[{"href":"https:\/\/www.ventonorte.com\/index.php?rest_route=\/wp\/v2\/types\/post"}],"author":[{"embeddable":true,"href":"https:\/\/www.ventonorte.com\/index.php?rest_route=\/wp\/v2\/users\/1"}],"replies":[{"embeddable":true,"href":"https:\/\/www.ventonorte.com\/index.php?rest_route=%2Fwp%2Fv2%2Fcomments&post=851"}],"version-history":[{"count":28,"href":"https:\/\/www.ventonorte.com\/index.php?rest_route=\/wp\/v2\/posts\/851\/revisions"}],"predecessor-version":[{"id":1028,"href":"https:\/\/www.ventonorte.com\/index.php?rest_route=\/wp\/v2\/posts\/851\/revisions\/1028"}],"wp:featuredmedia":[{"embeddable":true,"href":"https:\/\/www.ventonorte.com\/index.php?rest_route=\/wp\/v2\/media\/852"}],"wp:attachment":[{"href":"https:\/\/www.ventonorte.com\/index.php?rest_route=%2Fwp%2Fv2%2Fmedia&parent=851"}],"wp:term":[{"taxonomy":"category","embeddable":true,"href":"https:\/\/www.ventonorte.com\/index.php?rest_route=%2Fwp%2Fv2%2Fcategories&post=851"},{"taxonomy":"post_tag","embeddable":true,"href":"https:\/\/www.ventonorte.com\/index.php?rest_route=%2Fwp%2Fv2%2Ftags&post=851"}],"curies":[{"name":"wp","href":"https:\/\/api.w.org\/{rel}","templated":true}]}}