{"id":865,"date":"2011-04-05T20:17:45","date_gmt":"2011-04-05T20:17:45","guid":{"rendered":"http:\/\/www.ventonorte.com\/?p=865"},"modified":"2011-04-11T09:06:40","modified_gmt":"2011-04-11T09:06:40","slug":"juntos-com-ave-rota-da-nascente-do-ave-10042011","status":"publish","type":"post","link":"https:\/\/www.ventonorte.com\/?p=865","title":{"rendered":"Juntos com AVE &#8211; Rota da Nascente do Ave [10\/04\/2011]"},"content":{"rendered":"<p><img loading=\"lazy\" decoding=\"async\" class=\"alignleft size-thumbnail wp-image-869\" title=\"AVE\" src=\"http:\/\/www.ventonorte.com\/wp-content\/uploads\/67420_102932493105130_100001651392046_24253_7608692_n-150x99.jpg\" alt=\"\" width=\"150\" height=\"99\" srcset=\"https:\/\/www.ventonorte.com\/wp-content\/uploads\/67420_102932493105130_100001651392046_24253_7608692_n-150x99.jpg 150w, https:\/\/www.ventonorte.com\/wp-content\/uploads\/67420_102932493105130_100001651392046_24253_7608692_n-300x199.jpg 300w, https:\/\/www.ventonorte.com\/wp-content\/uploads\/67420_102932493105130_100001651392046_24253_7608692_n-100x65.jpg 100w, https:\/\/www.ventonorte.com\/wp-content\/uploads\/67420_102932493105130_100001651392046_24253_7608692_n.jpg 431w\" sizes=\"auto, (max-width: 150px) 100vw, 150px\" \/>A AVE &#8211; <a href=\"http:\/\/www.manifestoverde.wordpress.com\">Associa\u00e7\u00e3o Vimaranense Ecologia<\/a>, parceira da Vento Norte faz 10 anos e vamo-nos juntar para comemorar numa bel\u00edssima actividade na nascente do Ave.<\/p>\n<p>Eis a apresenta\u00e7\u00e3o oficial da caminhada:<\/p>\n<p style=\"text-align: center;\">\n<hr style=\"height: 1px; width: 60%;\" size=\"1\" \/>\n<p><em>Na celebra\u00e7\u00e3o dos dez anos da funda\u00e7\u00e3o da Ave, convidamos associados(as) e amigos(as) para um trilho que se inicia na preservada aldeia de Agra, onde podemos desfrutar de uma paisagem preenchida pelas serras da Cabreira e da Ma\u00e7\u00e3, onde abunda a \u00e1gua, pinheiros silvestres e carvalhos centen\u00e1rios.<\/em><\/p>\n<p><em> <\/em><\/p>\n<p><em>Ponto de encontro:<\/em><\/p>\n<p><em>Parque de Estacionamento das Hortas (junto ao edificio da Vim\u00e1gua) em Guimar\u00e3es, pelas 8:45 horas.<\/em><\/p>\n<p><em>O transporte ser\u00e1 gerido entre os elementos presentes e as viaturas, numa impiedosa gest\u00e3o de recursos e de emiss\u00f5es.<\/em><\/p>\n<p><em> <\/em><\/p>\n<p><em>Percurso linear com a extens\u00e3o de 10 Km<\/em><\/p>\n<p><em>Dura\u00e7\u00e3o Aproximada: 5 horas<\/em><\/p>\n<p><em>Nivel de Dificuldade: m\u00e9dio<\/em><\/p>\n<p><em>Cota M\u00e1xima: 800 m<\/em><\/p>\n<p><em>Conselhos \u00fateis: cal\u00e7ado imperme\u00e1vel; protec\u00e7\u00e3o para chuva; chap\u00e9u; \u00e1gua e farnel;<\/em><\/p>\n<p><em> <\/em><\/p>\n<p><em>INSCRI\u00c7\u00d5ES e INFORMA\u00c7\u00d5ES: ave.percursos@gmail.com<\/em><\/p>\n","protected":false},"excerpt":{"rendered":"<p>A AVE &#8211; Associa\u00e7\u00e3o Vimaranense Ecologia, parceira da Vento Norte faz 10 anos e vamo-nos juntar para comemorar numa bel\u00edssima actividade na nascente do Ave.<\/p>\n","protected":false},"author":1,"featured_media":869,"comment_status":"open","ping_status":"open","sticky":false,"template":"","format":"standard","meta":{"ngg_post_thumbnail":0,"footnotes":""},"categories":[11],"tags":[],"class_list":["post-865","post","type-post","status-publish","format-standard","has-post-thumbnail","hentry","category-montanhismo"],"_links":{"self":[{"href":"https:\/\/www.ventonorte.com\/index.php?rest_route=\/wp\/v2\/posts\/865","targetHints":{"allow":["GET"]}}],"collection":[{"href":"https:\/\/www.ventonorte.com\/index.php?rest_route=\/wp\/v2\/posts"}],"about":[{"href":"https:\/\/www.ventonorte.com\/index.php?rest_route=\/wp\/v2\/types\/post"}],"author":[{"embeddable":true,"href":"https:\/\/www.ventonorte.com\/index.php?rest_route=\/wp\/v2\/users\/1"}],"replies":[{"embeddable":true,"href":"https:\/\/www.ventonorte.com\/index.php?rest_route=%2Fwp%2Fv2%2Fcomments&post=865"}],"version-history":[{"count":6,"href":"https:\/\/www.ventonorte.com\/index.php?rest_route=\/wp\/v2\/posts\/865\/revisions"}],"predecessor-version":[{"id":873,"href":"https:\/\/www.ventonorte.com\/index.php?rest_route=\/wp\/v2\/posts\/865\/revisions\/873"}],"wp:featuredmedia":[{"embeddable":true,"href":"https:\/\/www.ventonorte.com\/index.php?rest_route=\/wp\/v2\/media\/869"}],"wp:attachment":[{"href":"https:\/\/www.ventonorte.com\/index.php?rest_route=%2Fwp%2Fv2%2Fmedia&parent=865"}],"wp:term":[{"taxonomy":"category","embeddable":true,"href":"https:\/\/www.ventonorte.com\/index.php?rest_route=%2Fwp%2Fv2%2Fcategories&post=865"},{"taxonomy":"post_tag","embeddable":true,"href":"https:\/\/www.ventonorte.com\/index.php?rest_route=%2Fwp%2Fv2%2Ftags&post=865"}],"curies":[{"name":"wp","href":"https:\/\/api.w.org\/{rel}","templated":true}]}}