{"id":909,"date":"2011-06-02T08:08:44","date_gmt":"2011-06-02T08:08:44","guid":{"rendered":"http:\/\/www.ventonorte.com\/?p=909"},"modified":"2011-06-02T08:08:44","modified_gmt":"2011-06-02T08:08:44","slug":"actividade-conquista-do-pico-de-la-padierna-%e2%80%93-picos-da-europa-23-a-2662011","status":"publish","type":"post","link":"https:\/\/www.ventonorte.com\/?p=909","title":{"rendered":"Actividade: Conquista do Pico de La Padierna \u2013 Picos da Europa [23 a 26\/6\/2011]"},"content":{"rendered":"<p><img loading=\"lazy\" decoding=\"async\" class=\"alignright size-full wp-image-911\" title=\"montanhismo-pico-de-la-padierna\" src=\"http:\/\/www.ventonorte.com\/wp-content\/uploads\/montanhismo-pico-de-la-padierna.jpg\" alt=\"\" width=\"320\" height=\"240\" srcset=\"https:\/\/www.ventonorte.com\/wp-content\/uploads\/montanhismo-pico-de-la-padierna.jpg 400w, https:\/\/www.ventonorte.com\/wp-content\/uploads\/montanhismo-pico-de-la-padierna-150x112.jpg 150w, https:\/\/www.ventonorte.com\/wp-content\/uploads\/montanhismo-pico-de-la-padierna-300x225.jpg 300w\" sizes=\"auto, (max-width: 320px) 100vw, 320px\" \/><\/p>\n<p style=\"text-align: center;\"><span style=\"font-size: medium;\"><strong>CONQUISTA DO PICO DE LA PADIERNA, 2319m<\/strong><\/span><\/p>\n<p style=\"text-align: center;\"><strong>PICOS DA EUROPA<\/strong><strong> <\/strong><\/p>\n<p style=\"text-align: center;\"><strong>Junho de 2011<\/strong><\/p>\n<p>\u00c9 dif\u00edcil passar muito tempo sem saudades dos Picos da Europa. A actividade deste ano ser\u00e1 j\u00e1 nos pr\u00f3ximos dias 23 a 26 de Junho e decorrer\u00e1 nas bonitas zonas de Fuente D\u00e9 e Posada de Valde\u00f3n.<\/p>\n<p>Trata-se de uma actividade com um grau de dificuldade inferior \u00e0 do ano passado e que decorre por algumas das zonas mais visitadas dos picos da Europa.<\/p>\n<p><strong>PROGRAMA<\/strong><\/p>\n<p><strong>Dia 23 de Junho (5.\u00aa Feira)<\/strong><br \/>\n<em><strong> (hora PT)<\/strong><\/em><br \/>\n07h30 Sa\u00edda do Porto<br \/>\n07h45 Sa\u00edda de Famalic\u00e3o\/Braga<br \/>\n<strong><em> (hora ES)<\/em><\/strong><br \/>\n11h30 Ponto de encontro 2 \u2013 Esta\u00e7\u00e3o de Servi\u00e7o km 15 da A52 (Quintanilha de Uz, Quiruelas de Vidriales) \u2013 Bombas do lado esquerdo (sentido Poente\/Nascente)<br \/>\n11h45 Partida<br \/>\n13h30 Chegada ao Puerto de San Gl\u00f3rio<br \/>\n.\u00a0\u00a0\u00a0\u00a0\u00a0\u00a0\u00a0 \u00a0\u00a0 \u00a0 Almo\u00e7o (levar sandes, no local n\u00e3o h\u00e1 nada)<br \/>\n15h00 Partida de autom\u00f3vel para Fuente D\u00e9<br \/>\n17h00 Subida de 800m de desn\u00edvel no telef\u00e9rico<br \/>\n17h30 Caminhada at\u00e9 ao Ref\u00fagio de \u00c1liva (dificuldade muito baixa +\/- 1h ida)<br \/>\n20h00 Jantar no ref\u00fagio<br \/>\n.\u00a0\u00a0\u00a0\u00a0\u00a0\u00a0\u00a0\u00a0\u00a0 \u00a0 \u00a0 Dormida no ref\u00fagio em camaratas<\/p>\n<p><strong>Dia 24 de Junho (6.\u00aa Feira)<\/strong><br \/>\n08h00 Pequeno-almo\u00e7o no ref\u00fagio<br \/>\n09h00 In\u00edcio da ascens\u00e3o ao Pico de La Padierna, 2.319 m (Dificuldade m\u00e9dia\/baixa +\/- 4h ida e volta ao telef\u00e9rico)<br \/>\n12h00 Marcha facultativa pela Veja de Liordes e descida directa para a base do telef\u00e9rico (Dificuldade m\u00e9dia +\/- 2 h )<br \/>\n.\u00a0\u00a0\u00a0\u00a0\u00a0\u00a0\u00a0\u00a0\u00a0\u00a0\u00a0\u00a0 Em caso de bom tempo ser\u00e1 promovida a travessia facultativa directa at\u00e9 Posada de Valde\u00f3n (dificuldade m\u00e9dia\/alta +\/- 5h)<br \/>\n15h00 Descida de 800m no Telef\u00e9rico e partida de autom\u00f3vel para Posada de Valde\u00f3n<br \/>\n20h00 Jantar em Posada de Valde\u00f3n<br \/>\n.\u00a0\u00a0\u00a0\u00a0\u00a0\u00a0\u00a0\u00a0\u00a0\u00a0\u00a0\u00a0\u00a0 Dormida em Albergue em camaratas<\/p>\n<p><strong>Dia 25 de Junho (S\u00e1bado)<\/strong><br \/>\n09h00 In\u00edcio da ascens\u00e3o ao Pico Jario, 1913 m (Dificuldade m\u00e9dia\/baixa +\/- 5h ida e volta)<br \/>\n17h00 Visita a Ca\u00edn (entrada da Garganta do Rio Cares)<br \/>\n. \u00a0\u00a0 \u00a0\u00a0\u00a0\u00a0\u00a0\u00a0\u00a0\u00a0\u00a0 Jantar em Posada de Valde\u00f3n<br \/>\n.\u00a0\u00a0 \u00a0 \u00a0 \u00a0\u00a0\u00a0\u00a0\u00a0\u00a0 Dormida em Albergue em camaratas<\/p>\n<p><strong>Dia 26 de Junho (Domingo)<\/strong><br \/>\n09h00 Partida para Portugal<br \/>\n15h00 Chegada<\/p>\n<hr \/>\n<p><strong>NOTA 1: INSCRI\u00c7\u00d5ES E LOG\u00cdSTICA<\/strong><br \/>\n<span style=\"color: #ff0000;\">Data limite: 14 de Junho de 2011<\/span><br \/>\nIndicar nome, email, se possui transporte, lugares livres (por quest\u00f5es ambientais, de economia e log\u00edstica, tentaremos minimizar o n.\u00ba de autom\u00f3veis) e data, hora e montante do pagamento (atrav\u00e9s de transfer\u00eancia banc\u00e1ria).<br \/>\nemail: <a href=\"mailto: montanhismo.vn@gmail.com\">montanhismo.vn@gmail.com<\/a><\/p>\n<table style=\"width: 333px; height: 184px; margin-left: auto; margin-right: auto;\" border=\"1\">\n<tbody>\n<tr>\n<td style=\"text-align: left;\"><strong>Geral:<\/strong><\/td>\n<td><strong>125\u20ac<\/strong><\/td>\n<\/tr>\n<tr>\n<td><strong>Descontos:<\/strong><\/td>\n<td><\/td>\n<\/tr>\n<tr>\n<td style=\"text-align: right;\">Associados<\/td>\n<td>-10,00 \u20ac<\/td>\n<\/tr>\n<tr>\n<td style=\"text-align: right;\">Sem Seguro *<\/td>\n<td>-5,00 \u20ac<\/td>\n<\/tr>\n<tr>\n<td style=\"text-align: right;\">Crian\u00e7as at\u00e9 12 anos<\/td>\n<td>-10,00 \u20ac<\/td>\n<\/tr>\n<tr>\n<td style=\"text-align: right;\">Praticantes Federados **<\/td>\n<td>-15,00 \u20ac<\/td>\n<\/tr>\n<tr>\n<td style=\"text-align: right;\">Condutor carro c\/ 4 ou 5 ocupantes<\/td>\n<td>-30,00 \u20ac<\/td>\n<\/tr>\n<tr>\n<td style=\"text-align: right;\">Condutor carro c\/ 6 ou 7 ocupantes<\/td>\n<td>-45,00 \u20ac<\/td>\n<\/tr>\n<tr>\n<td style=\"text-align: right;\">Condutor carro c\/ 8 ou 9 ocupantes<\/td>\n<td>-60,00 \u20ac<\/td>\n<\/tr>\n<tr>\n<td style=\"text-align: right;\">Regresso antecipado no S\u00e1bado (dia 25) \u00e0 tarde<\/td>\n<td>-25,00 \u20ac<\/td>\n<\/tr>\n<\/tbody>\n<\/table>\n<p>* Participantes que tenham seguro de acidentes pessoais que cubra montanhismo, que j\u00e1 tenham feito o seguro da Vento Norte para outra actividade ou que sejam praticantes federados.<\/p>\n<p>A inscri\u00e7\u00e3o s\u00f3 se considera efectiva ap\u00f3s o pagamento. No caso de cancelamento at\u00e9 19 de Junho ser\u00e1 devolvido 50% do valor.<\/p>\n<p><em><strong>Inclui:<\/strong><\/em> Seguro+Ref\u00fagio+Hotel+Jantares e Pequenos-almo\u00e7os, enquadramento e mapas das zona<br \/>\n<strong><em>N\u00e3o inclui:<\/em><\/strong> Transporte, funicular, almo\u00e7os e lanches volantes.<\/p>\n<p><em><strong>MATERIAL INDISPENS\u00c1VEL<\/strong><\/em><br \/>\nSaco cama de ver\u00e3o (\u00e9 para dormir sempre em ref\u00fagio\/albergue)<br \/>\nBotas de montanhismo ou sapatilhas de sola dura<br \/>\nCasaco imperme\u00e1vel<br \/>\nRoupa desportiva e confort\u00e1vel<\/p>\n<p><strong><em>MATERIAL \u00daTIL (Para quem tiver)<\/em><\/strong><br \/>\nLanterna Frontal, cal\u00e7as imperme\u00e1veis, bast\u00f5es, polainas, c\u00e2mara digital, etc.<br \/>\nConv\u00e9m levar a comida para lanches e almo\u00e7os, de Portugal ou comprar em Esta\u00e7\u00e3o de Servi\u00e7o, para n\u00e3o atrasarmos na chegada.<br \/>\nNo ref\u00fagio existe \u00e1gua pot\u00e1vel<\/p>\n<p><strong>NOTA 2: DIFICULDADE GLOBAL DA ACTIVIDADE<\/strong><br \/>\nEsta actividade \u00e9 muito acess\u00edvel, n\u00e3o sendo necess\u00e1ria nenhuma experi\u00eancia pr\u00e9via. \u00c9 aconselh\u00e1vel estar habituado a andar a p\u00e9 (+\/- 4 h seguidas).<br \/>\nAs ascens\u00f5es, embora f\u00e1ceis, n\u00e3o s\u00e3o obrigat\u00f3rias.<\/p>\n<p><strong>NOTA 3: SEGURO (Para n\u00e3o federados)<\/strong><br \/>\nModalidades: Seguro de acidentes pessoais com cobertura de pedestrianismo<br \/>\nPara subscrever este seguro deve ser indicado o nome completo, o n.\u00ba do BI e a data de nascimento<\/p>\n<p><strong>NOTA 4: ALTERA\u00c7\u00d5ES AO PROGRAMA<\/strong><br \/>\nNos Picos da Europa a chuva ou neve aparecem em cerca de 1\/3 dos dias, por isso \u00e9 poss\u00edvel que, perante condi\u00e7\u00f5es climat\u00e9ricas adversas, seja necess\u00e1rio alterar as actividades. A decis\u00e3o ser\u00e1 tomada no local<\/p>\n","protected":false},"excerpt":{"rendered":"<p>CONQUISTA DO PICO DE LA PADIERNA, 2319m<br \/>\nPICOS DA EUROPA<br \/>\nJunho de 2011<br \/>\n\u00c9 dif\u00edcil passar muito tempo sem saudades dos Picos da Europa. A actividade deste ano ser\u00e1 j\u00e1 nos pr\u00f3ximos dias 23 a 26 de Junho e decorrer\u00e1 nas bonitas zonas de Fuente D\u00e9 e Posada de Valde\u00f3n.<br \/>\nTrata-se de uma actividade com um grau de dificuldade inferior \u00e0 do ano passado e que decorre por algumas das zonas mais visitadas dos picos da Europa.<br \/>\nPROGRAMA<br \/>\nDia 23 de Junho (5.\u00aa Feira)<br \/>\n (hora PT)<br \/>\n07h30 Sa\u00edda do Porto<br \/>\n07h45 Sa\u00edda de Famalic\u00e3o\/Braga<br \/>\n (hora ES)<br \/>\n11h30 Ponto &#8230;<\/p>\n","protected":false},"author":1,"featured_media":911,"comment_status":"open","ping_status":"open","sticky":false,"template":"","format":"standard","meta":{"ngg_post_thumbnail":0,"footnotes":""},"categories":[11],"tags":[],"class_list":["post-909","post","type-post","status-publish","format-standard","has-post-thumbnail","hentry","category-montanhismo"],"_links":{"self":[{"href":"https:\/\/www.ventonorte.com\/index.php?rest_route=\/wp\/v2\/posts\/909","targetHints":{"allow":["GET"]}}],"collection":[{"href":"https:\/\/www.ventonorte.com\/index.php?rest_route=\/wp\/v2\/posts"}],"about":[{"href":"https:\/\/www.ventonorte.com\/index.php?rest_route=\/wp\/v2\/types\/post"}],"author":[{"embeddable":true,"href":"https:\/\/www.ventonorte.com\/index.php?rest_route=\/wp\/v2\/users\/1"}],"replies":[{"embeddable":true,"href":"https:\/\/www.ventonorte.com\/index.php?rest_route=%2Fwp%2Fv2%2Fcomments&post=909"}],"version-history":[{"count":7,"href":"https:\/\/www.ventonorte.com\/index.php?rest_route=\/wp\/v2\/posts\/909\/revisions"}],"predecessor-version":[{"id":918,"href":"https:\/\/www.ventonorte.com\/index.php?rest_route=\/wp\/v2\/posts\/909\/revisions\/918"}],"wp:featuredmedia":[{"embeddable":true,"href":"https:\/\/www.ventonorte.com\/index.php?rest_route=\/wp\/v2\/media\/911"}],"wp:attachment":[{"href":"https:\/\/www.ventonorte.com\/index.php?rest_route=%2Fwp%2Fv2%2Fmedia&parent=909"}],"wp:term":[{"taxonomy":"category","embeddable":true,"href":"https:\/\/www.ventonorte.com\/index.php?rest_route=%2Fwp%2Fv2%2Fcategories&post=909"},{"taxonomy":"post_tag","embeddable":true,"href":"https:\/\/www.ventonorte.com\/index.php?rest_route=%2Fwp%2Fv2%2Ftags&post=909"}],"curies":[{"name":"wp","href":"https:\/\/api.w.org\/{rel}","templated":true}]}}